{"id":751,"date":"2012-10-31T23:25:07","date_gmt":"2012-10-31T20:25:07","guid":{"rendered":"http:\/\/www.htg.tartu.ee\/miilang\/?p=751"},"modified":"2012-10-31T23:25:07","modified_gmt":"2012-10-31T20:25:07","slug":"sugispiknik-puust-ja-punaseks","status":"publish","type":"post","link":"http:\/\/www.htg.tartu.ee\/miilang\/2012\/november2012\/sugispiknik-puust-ja-punaseks\/","title":{"rendered":"S\u00fcgispiknik puust ja punaseks"},"content":{"rendered":"<p><strong>Iga uue kooliaasta alguses seab meie suur pere sammud piknikupaiga poole, olgu selleks siis Taevaskoja v\u00f5i m\u00f5ni l\u00e4hem koht Tartus. Seda (pool)vaba p\u00e4eva septembrikuus tervitavad nii \u00f5pilased kui ka \u00f5petajad. Kuigi k\u00f5nealune traditsioon on \u00fcks lemmik\u00fcritusi \u00f5pilaste seas, leidub sellegipoolest igal aastal alati ka neid, kelle jaoks \u00fcrituse korraldusest midagi vajaka j\u00e4\u00e4b. Otsustasingi huvijuht Uve Saarelt l\u00e4hemalt uurida s\u00fcgispikniku tagamaid ning v\u00e4lja selgitada vastused enamlevinud k\u00fcsimustele, k\u00f5hklustele ning arusaamatustele seoses selle pikaealise \u00fcritusega.<\/strong><\/p>\n<div id=\"attachment_754\" style=\"width: 660px\" class=\"wp-caption alignnone\"><a href=\"http:\/\/www.htg.tartu.ee\/miilang\/wp-content\/uploads\/2012\/10\/DSC_1060.jpg\"><img aria-describedby=\"caption-attachment-754\" decoding=\"async\" loading=\"lazy\" class=\"size-large wp-image-754\" title=\"S\u00fcgispiknikul v\u00f5isteldakse traditsiooniliselt k\u00f6ieveos. Foto: Mari-Liis Kullamaa.\" src=\"http:\/\/www.htg.tartu.ee\/miilang\/wp-content\/uploads\/2012\/10\/DSC_1060-1024x685.jpg\" alt=\"S\u00fcgispiknikul v\u00f5isteldakse traditsiooniliselt k\u00f6ieveos. Foto: Mari-Liis Kullamaa.\" width=\"650\" height=\"434\" srcset=\"http:\/\/www.htg.tartu.ee\/miilang\/wp-content\/uploads\/2012\/10\/DSC_1060-1024x685.jpg 1024w, http:\/\/www.htg.tartu.ee\/miilang\/wp-content\/uploads\/2012\/10\/DSC_1060-300x200.jpg 300w, http:\/\/www.htg.tartu.ee\/miilang\/wp-content\/uploads\/2012\/10\/DSC_1060-520x346.jpg 520w, http:\/\/www.htg.tartu.ee\/miilang\/wp-content\/uploads\/2012\/10\/DSC_1060.jpg 1936w\" sizes=\"(max-width: 650px) 100vw, 650px\" \/><\/a><p id=\"caption-attachment-754\" class=\"wp-caption-text\">S\u00fcgispiknikul v\u00f5isteldakse traditsiooniliselt k\u00f6ieveos. Foto: Mari-Liis Kullamaa.<\/p><\/div>\n<p><strong>Mis on s\u00fcgispiknik?<\/strong><\/p>\n<p>S\u00fcgispiknik on meie kooli v\u00e4ga eakas traditsioon, mille juured ulatuvad lausa 120 aasta tagusesse aega, mil meie koolipapa Hugo Treffner isiklikult oma koolipoisse v\u00e4hemalt korra aastas krihvelduste ja rehkenduste juurest eemale viis. Sellal mindi paadiga Emaj\u00f5ele s\u00f5itma ning \u00f5htul pakkus Treffner oma hoolealustele teed ning kehakinnitust. See ilus traditsioon taastati esmalt 1996. aastal, kui koolipere suundus Raadi m\u00f5isasse piknikule. Esimest korda seati Taevaskotta sammud aga 2000. aastal ning sellest ajast saati on piknik Ahja j\u00f5e kaldal olnud \u00f5pilaste vaieldamatu lemmik.<\/p>\n<p><strong>Mis on s\u00fcgispikniku eesm\u00e4rk?<\/strong><\/p>\n<p>Pikniku eesm\u00e4rgiks on lisaks traditsiooni j\u00e4tkamisele viia koolirahvas p\u00e4evaks igap\u00e4evasest \u00f5ppet\u00f6\u00f6st eemale. Piknik vabas \u00f5hus ning keskkonnas aitab kaasa \u00f5pilaste \u00a0ning \u00f5petajate vahelise suhtluse arendamisele ning suhete loomisele. \u00dches\u00f5naga puhtalt seltskondlik \u00fcritus \u2013 ilus punkt suvevaheajale.<\/p>\n<div id=\"attachment_755\" style=\"width: 210px\" class=\"wp-caption alignleft\"><a href=\"http:\/\/www.htg.tartu.ee\/miilang\/wp-content\/uploads\/2012\/10\/DSC_0983.jpg\"><img aria-describedby=\"caption-attachment-755\" decoding=\"async\" loading=\"lazy\" class=\"size-medium wp-image-755  \" title=\"V\u00f5tab hingeldama: klassidevahelised teatev\u00f5istlused. Foto: Mari-Liis Kullamaa.\" src=\"http:\/\/www.htg.tartu.ee\/miilang\/wp-content\/uploads\/2012\/10\/DSC_0983-200x300.jpg\" alt=\"V\u00f5tab hingeldama: klassidevahelised teatev\u00f5istlused. Foto: Mari-Liis Kullamaa.\" width=\"200\" height=\"300\" srcset=\"http:\/\/www.htg.tartu.ee\/miilang\/wp-content\/uploads\/2012\/10\/DSC_0983-200x300.jpg 200w, http:\/\/www.htg.tartu.ee\/miilang\/wp-content\/uploads\/2012\/10\/DSC_0983-685x1024.jpg 685w, http:\/\/www.htg.tartu.ee\/miilang\/wp-content\/uploads\/2012\/10\/DSC_0983.jpg 1296w\" sizes=\"(max-width: 200px) 100vw, 200px\" \/><\/a><p id=\"caption-attachment-755\" class=\"wp-caption-text\">V\u00f5tab hingeldama: klassidevahelised teatev\u00f5istlused. Foto: Mari-Liis Kullamaa.<\/p><\/div>\n<p><strong>Miks ei ole s\u00fcgispiknik igal aastal Taevaskojas?<\/strong><\/p>\n<p>V\u00e4ljas\u00f5iduga piknik ei ole odav. Vaja on organiseerida transport, toitlustamine ning vahel isegi k\u00fclalisesinejad. Paar korda on tulnud meil enestel v\u00e4ljas\u00f5idu teostamise nimel v\u00e4lja k\u00e4ia 1-2 eurot, kuid \u00fcldjuhul saadakse vajaminev summa siiski projektidest. Viimase puhul peame me k\u00f5ik \u00fctlema suure \u201eAit\u00e4h!\u201c \u00f5petaja Saima Kaarnale, t\u00e4nu kellele piknik meie jaoks midagi maksma ei l\u00e4he. Kuna iga-aastane projekti taotlemine on k\u00fcllaltki stressirohke ning alati seda ka ei rahuldata, on koolil v\u00e4lja kujunenud omamoodi skeem: abituurium kestab 3 aastat, seega nendest aastatest v\u00e4hemalt \u00fcks peab toimuma Taevaskojas, teised kaks leiavad aset siin samas koduses Tartus. Siinkohal on mul teile k\u00f5igile hea uudis \u2013 j\u00e4rgmisel aastal toimub piknik taas just Ahja j\u00f5e kaldal!<\/p>\n<p>&nbsp;<\/p>\n<p><strong>Kes korraldab traditsiooniliselt pikniku?<\/strong><strong><\/strong><\/p>\n<p>Kuigi 2011. aastal oli korraldaja rollis 11.c klass, oli see vaid erand, mis kaasnes \u00fcmberkorraldustega kooliaasta alguse \u00fcritustes, mille nimekirjast kaotati tollase 10.c v\u00f5idetud tutvumis\u00f5htu. Traditsiooniliselt on pikniku korraldajateks olnud meie kehalise kasvatuse \u00f5petajad Anneli Saarva ja Priit Parisoo koos teiste aine\u00f5petajatega. See selgitab ka pikniku sportlikku vormi.<\/p>\n<h1>\u00d5pilased arvavad, et v\u00f5iks<\/h1>\n<ul>\n<li>toimuda rohkem v\u00f5istluseid<\/li>\n<li>lisata \u00fcrituste kavva ka m\u00f5ni nuputamist v\u00f5i loomingulisust n\u00f5udev tegevus<\/li>\n<li>valjuh\u00e4\u00e4ldi patareid enne piknikule suundumist \u00fcle kontrollida<\/li>\n<\/ul>\n","protected":false},"excerpt":{"rendered":"<p>Iga uue kooliaasta alguses seab meie suur pere sammud piknikupaiga poole, olgu selleks siis Taevaskoja v\u00f5i m\u00f5ni l\u00e4hem koht Tartus. Seda (pool)vaba p\u00e4eva septembrikuus tervitavad nii \u00f5pilased kui ka \u00f5petajad. Kuigi k\u00f5nealune traditsioon on \u00fcks lemmik\u00fcritusi \u00f5pilaste seas, leidub sellegipoolest igal aastal alati ka neid, kelle jaoks \u00fcrituse korraldusest midagi&#8230;<\/p>\n","protected":false},"author":8,"featured_media":754,"comment_status":"open","ping_status":"open","sticky":false,"template":"","format":"standard","meta":{"_monsterinsights_skip_tracking":false,"_monsterinsights_sitenote_active":false,"_monsterinsights_sitenote_note":"","_monsterinsights_sitenote_category":0,"footnotes":""},"categories":[49],"tags":[],"coauthors":[33],"acf":[],"_links":{"self":[{"href":"http:\/\/www.htg.tartu.ee\/miilang\/wp-json\/wp\/v2\/posts\/751"}],"collection":[{"href":"http:\/\/www.htg.tartu.ee\/miilang\/wp-json\/wp\/v2\/posts"}],"about":[{"href":"http:\/\/www.htg.tartu.ee\/miilang\/wp-json\/wp\/v2\/types\/post"}],"author":[{"embeddable":true,"href":"http:\/\/www.htg.tartu.ee\/miilang\/wp-json\/wp\/v2\/users\/8"}],"replies":[{"embeddable":true,"href":"http:\/\/www.htg.tartu.ee\/miilang\/wp-json\/wp\/v2\/comments?post=751"}],"version-history":[{"count":9,"href":"http:\/\/www.htg.tartu.ee\/miilang\/wp-json\/wp\/v2\/posts\/751\/revisions"}],"predecessor-version":[{"id":838,"href":"http:\/\/www.htg.tartu.ee\/miilang\/wp-json\/wp\/v2\/posts\/751\/revisions\/838"}],"wp:featuredmedia":[{"embeddable":true,"href":"http:\/\/www.htg.tartu.ee\/miilang\/wp-json\/wp\/v2\/media\/754"}],"wp:attachment":[{"href":"http:\/\/www.htg.tartu.ee\/miilang\/wp-json\/wp\/v2\/media?parent=751"}],"wp:term":[{"taxonomy":"category","embeddable":true,"href":"http:\/\/www.htg.tartu.ee\/miilang\/wp-json\/wp\/v2\/categories?post=751"},{"taxonomy":"post_tag","embeddable":true,"href":"http:\/\/www.htg.tartu.ee\/miilang\/wp-json\/wp\/v2\/tags?post=751"},{"taxonomy":"author","embeddable":true,"href":"http:\/\/www.htg.tartu.ee\/miilang\/wp-json\/wp\/v2\/coauthors?post=751"}],"curies":[{"name":"wp","href":"https:\/\/api.w.org\/{rel}","templated":true}]}}