{"id":725,"date":"2012-10-31T23:25:07","date_gmt":"2012-10-31T20:25:07","guid":{"rendered":"http:\/\/www.htg.tartu.ee\/miilang\/?p=725"},"modified":"2012-10-31T23:25:07","modified_gmt":"2012-10-31T20:25:07","slug":"%e2%80%9erattaga-kooli-ehk-treffneri-roheline-kampaania","status":"publish","type":"post","link":"http:\/\/www.htg.tartu.ee\/miilang\/2012\/november2012\/%e2%80%9erattaga-kooli-ehk-treffneri-roheline-kampaania\/","title":{"rendered":"\u201eRattaga kooli!\u201d ehk Treffneri roheline kampaania"},"content":{"rendered":"<p><strong>H\u00f5iskasime v\u00e4lja: \u201eTule reedel rattaga kooli,\u201c ja muidugi, et, \u201etublimat klassi ootab auhind!\u201c Kuidas see k\u00f5ik aga v\u00e4lja peaks kujunema, ei teadnud me isegi. M\u00f5te tuli eksprompt, nii viimasel minutil, et uudis infolehte enam ei j\u00f5udnudki.<\/strong><\/p>\n<p><a href=\"http:\/\/www.htg.tartu.ee\/miilang\/wp-content\/uploads\/2012\/10\/DSC_0275.jpg\"><img decoding=\"async\" loading=\"lazy\" class=\"alignright size-large wp-image-814\" title=\"Gingeri ratas\" src=\"http:\/\/www.htg.tartu.ee\/miilang\/wp-content\/uploads\/2012\/10\/DSC_0275-1024x685.jpg\" alt=\"\" width=\"650\" height=\"434\" srcset=\"http:\/\/www.htg.tartu.ee\/miilang\/wp-content\/uploads\/2012\/10\/DSC_0275-1024x685.jpg 1024w, http:\/\/www.htg.tartu.ee\/miilang\/wp-content\/uploads\/2012\/10\/DSC_0275-300x200.jpg 300w, http:\/\/www.htg.tartu.ee\/miilang\/wp-content\/uploads\/2012\/10\/DSC_0275-520x346.jpg 520w, http:\/\/www.htg.tartu.ee\/miilang\/wp-content\/uploads\/2012\/10\/DSC_0275.jpg 1936w\" sizes=\"(max-width: 650px) 100vw, 650px\" \/><\/a><\/p>\n<h1>Kuidas?<\/h1>\n<p>Teadsime, et k\u00f5igepealt on vaja jalgrattaparklaid juurde. Nii nagu ikka elus on, et kui midagi v\u00e4ga tahta, tuleb k\u00f5vasti soovida ja p\u00f6\u00f6rduda k\u00f5ige k\u00f5rgemate isikute poole. Niisiis tegime k\u00f5ne linnavalitsusse!\u00a0 Meie idee ja aktivism v\u00f5eti soojalt vastu, lubati korraldada kampaaniap\u00e4evaks ratastele kinnituskohad.<\/p>\n<h1>Reklaam, reklaam, reklaam!<\/h1>\n<p>Teiseks komistuskiviks osutus infolevik. Kampaania tuli teha v\u00f5imalikult atraktiivseks, et tolleks reedeks ka k\u00f5ige logumad kaherattalised oleks v\u00e4lja toodud ja kooli v\u00e4ndatud. \u00a0Eks eesm\u00e4rk oligi osav\u00f5tt. Tahtsime, et meil oleks tore \u00fclekooliline traditsioon, et kes v\u00e4hegi saab, tuleks jalgsi v\u00f5i rattaga kooli. Seega \u00fchtlasi oleksime osa tervest rahvusvahelisest n\u00e4dalast. Igasse nurka koolis sai \u00fcles riputatud plakat, reklaamisime klassides ja <em>Facebooki<\/em> gruppides. Kuidas aga kampaania vastu v\u00f5etakse, seda ei osanud me mitte ette arvata, kuni&#8230;.<\/p>\n<h1>&#8230;<\/h1>\n<p><a href=\"http:\/\/www.htg.tartu.ee\/miilang\/wp-content\/uploads\/2012\/10\/550759_10151185197004208_1893021107_n.jpg\"><img decoding=\"async\" loading=\"lazy\" class=\"alignright size-medium wp-image-812\" title=\"Rattaparkla\" src=\"http:\/\/www.htg.tartu.ee\/miilang\/wp-content\/uploads\/2012\/10\/550759_10151185197004208_1893021107_n-199x300.jpg\" alt=\"\" width=\"199\" height=\"300\" srcset=\"http:\/\/www.htg.tartu.ee\/miilang\/wp-content\/uploads\/2012\/10\/550759_10151185197004208_1893021107_n-199x300.jpg 199w, http:\/\/www.htg.tartu.ee\/miilang\/wp-content\/uploads\/2012\/10\/550759_10151185197004208_1893021107_n.jpg 581w\" sizes=\"(max-width: 199px) 100vw, 199px\" \/><\/a>&#8230;.kuni saabus too <strong>reede!<em> <\/em><\/strong>Varakult kooli v\u00e4ndanud, t\u00f5ime \u00f5ue lauad, nimekirjad ja hakkasime r\u00f5\u00f5msalt roheliselt m\u00f5tlevaid treffneriste ootama. Linnavalitsus oli lubaduse t\u00e4itnud &#8211; rattaid sai R\u00fc\u00fctli t\u00e4navale kinnitada j\u00f5udsasti. Kes aga oleks arvanud, et see p\u00e4riselt nii h\u00e4sti l\u00e4heb! Jalgsi tulijaid on ilmselt tavap\u00e4evadelgi palju, aga sellel p\u00e4eval j\u00e4i \u00fchistransport vist k\u00fcll pika ninaga. Treffneristide arvelt. R\u00fc\u00fctli t\u00e4nav, kooli\u00f5u, Abakhani esine, iga viimane kui lambipost &#8211; k\u00f5ik olid kella kaheksaks hommikul t\u00e4is treffneristide jalgrattaid. Lugesime \u00e4ra ka &#8211; tulemuseks saime 105 ratast (\u00b110). V\u00f5itja klassis osutus 12.c, kust j\u00f5udsime registreerida 14 ratturit. Teine ja kolmas koht 10.b (12 ratturit) ja 11.e (10 ratturit). R\u00f5\u00f5mustasime ka jalgsi tulijate \u00fcle ja kiitsime 11.b klassi, kus selles kategoorias registreerisime 19 \u00f5pilast. Et p\u00e4evale veel viimase s\u00e4rtsu ja lihvi lisada, lasime kooli t\u00f6\u00f6tajatest ja \u00f5petajatest koosneval komisjonil valida v\u00e4lja ka rattamissid. Rattamisside kolmiku omanikeks osutusid Andres K\u00e4osaar, Monika T\u00f5lgo ja Alexandra P\u00e4rgma.<\/p>\n<h1>J\u00e4tkusuutlik idee<\/h1>\n<p>Kampaania on igati roheline &#8211; nii keskkonnas\u00e4\u00e4stlikus kui organiseerituse m\u00f5ttes. Kiita saime aga hiljem palju, seega miks mitte j\u00e4rgmisel aastal uuesti proovida. Ehk saab ka sellestki tore tradtisioon, anname korralduse meie kooli rohelistele \u00fcle ja oleme koos \u00fchiskonnas hoolivamad ning s\u00e4\u00e4stlikumad.<\/p>\n<p><a href=\"http:\/\/www.htg.tartu.ee\/miilang\/wp-content\/uploads\/2012\/10\/DSC_0291.jpg\"><img decoding=\"async\" loading=\"lazy\" class=\"alignright size-large wp-image-815\" title=\"Monika T\u00f5lgo ratas\" src=\"http:\/\/www.htg.tartu.ee\/miilang\/wp-content\/uploads\/2012\/10\/DSC_0291-1024x685.jpg\" alt=\"\" width=\"650\" height=\"434\" srcset=\"http:\/\/www.htg.tartu.ee\/miilang\/wp-content\/uploads\/2012\/10\/DSC_0291-1024x685.jpg 1024w, http:\/\/www.htg.tartu.ee\/miilang\/wp-content\/uploads\/2012\/10\/DSC_0291-300x200.jpg 300w, http:\/\/www.htg.tartu.ee\/miilang\/wp-content\/uploads\/2012\/10\/DSC_0291-520x346.jpg 520w, http:\/\/www.htg.tartu.ee\/miilang\/wp-content\/uploads\/2012\/10\/DSC_0291.jpg 1936w\" sizes=\"(max-width: 650px) 100vw, 650px\" \/><\/a><\/p>\n","protected":false},"excerpt":{"rendered":"<p>H\u00f5iskasime v\u00e4lja: \u201eTule reedel rattaga kooli,\u201c ja muidugi, et, \u201etublimat klassi ootab auhind!\u201c Kuidas see k\u00f5ik aga v\u00e4lja peaks kujunema, ei teadnud me isegi. M\u00f5te tuli eksprompt, nii viimasel minutil, et uudis infolehte enam ei j\u00f5udnudki. Kuidas? Teadsime, et k\u00f5igepealt on vaja jalgrattaparklaid juurde. Nii nagu ikka elus on, et&#8230;<\/p>\n","protected":false},"author":1,"featured_media":814,"comment_status":"open","ping_status":"open","sticky":false,"template":"","format":"standard","meta":{"_monsterinsights_skip_tracking":false,"_monsterinsights_sitenote_active":false,"_monsterinsights_sitenote_note":"","_monsterinsights_sitenote_category":0,"footnotes":""},"categories":[49],"tags":[],"coauthors":[27],"acf":[],"_links":{"self":[{"href":"http:\/\/www.htg.tartu.ee\/miilang\/wp-json\/wp\/v2\/posts\/725"}],"collection":[{"href":"http:\/\/www.htg.tartu.ee\/miilang\/wp-json\/wp\/v2\/posts"}],"about":[{"href":"http:\/\/www.htg.tartu.ee\/miilang\/wp-json\/wp\/v2\/types\/post"}],"author":[{"embeddable":true,"href":"http:\/\/www.htg.tartu.ee\/miilang\/wp-json\/wp\/v2\/users\/1"}],"replies":[{"embeddable":true,"href":"http:\/\/www.htg.tartu.ee\/miilang\/wp-json\/wp\/v2\/comments?post=725"}],"version-history":[{"count":7,"href":"http:\/\/www.htg.tartu.ee\/miilang\/wp-json\/wp\/v2\/posts\/725\/revisions"}],"predecessor-version":[{"id":828,"href":"http:\/\/www.htg.tartu.ee\/miilang\/wp-json\/wp\/v2\/posts\/725\/revisions\/828"}],"wp:featuredmedia":[{"embeddable":true,"href":"http:\/\/www.htg.tartu.ee\/miilang\/wp-json\/wp\/v2\/media\/814"}],"wp:attachment":[{"href":"http:\/\/www.htg.tartu.ee\/miilang\/wp-json\/wp\/v2\/media?parent=725"}],"wp:term":[{"taxonomy":"category","embeddable":true,"href":"http:\/\/www.htg.tartu.ee\/miilang\/wp-json\/wp\/v2\/categories?post=725"},{"taxonomy":"post_tag","embeddable":true,"href":"http:\/\/www.htg.tartu.ee\/miilang\/wp-json\/wp\/v2\/tags?post=725"},{"taxonomy":"author","embeddable":true,"href":"http:\/\/www.htg.tartu.ee\/miilang\/wp-json\/wp\/v2\/coauthors?post=725"}],"curies":[{"name":"wp","href":"https:\/\/api.w.org\/{rel}","templated":true}]}}