{"id":5060,"date":"2024-06-27T21:17:45","date_gmt":"2024-06-27T18:17:45","guid":{"rendered":"https:\/\/www.htg.tartu.ee\/miilang\/?p=5060"},"modified":"2024-06-27T21:17:45","modified_gmt":"2024-06-27T18:17:45","slug":"treffneristid-rahvaliigas","status":"publish","type":"post","link":"http:\/\/www.htg.tartu.ee\/miilang\/2024\/mai-2024\/treffneristid-rahvaliigas\/","title":{"rendered":"Treffneristid rahvaliigas"},"content":{"rendered":"\n<p>Ajal kui suurem osa \u00f5pilastes nautis ilusa kevadilma saabumist, osalesid FC P\u00f5lva D\u00fcnamo klubi m\u00e4ngijad oma esimesel t\u00f5elisel jalgpalliturniiril.<\/p>\n\n\n\n<p>Tegu on treffnerist Omar Piho poolt kokku kutsutud jalgpallimeeskonnaga, kus k\u00f5ik m\u00e4ngijad on Tartu keskkooli\u00f5pilased ja neist suurem osa Treffneri g\u00fcmnaasiumist.<\/p>\n\n\n\n<p>Taolise meeskonna loomise ideed kommenteerib Omar j\u00e4rgnevalt: \u201eLapsest saati oli suur soov saada peatreeneriks ja \u00fchel hetkel otsustasingi, et tuleb tegutsema hakata. Panin tuttavatest pundi kokku ja l\u00e4ksime jalkat m\u00e4ngima.Toona ei suutnud ma oodatagi, et see k\u00f5ik l\u00f5puks nii t\u00f5siseks muutub.\u201d&nbsp;<\/p>\n\n\n\n<p>Turniiril v\u00f5is kohata v\u00e4ga palju Treffneri ja ka teiste Tartu koolide \u00f5pilasi, kes noorele meeskonnale kaasa elama tulid. Neljast m\u00e4ngust saavutas P\u00f5lva D\u00fcnamo \u00fche v\u00f5idu ja kaks viiki, mis on uue, noore meeskonna jaoks \u00fcsna hea tulemus. \u201eArenguruumi on veel kindlasti \u2013 sai palju karjutud \u2013, kuid \u00fcldiselt olen ikkagi meeskonna ja valitud strateegiaga v\u00e4ga rahul ning loomulikult olen v\u00e4ga t\u00e4nulik meie f\u00e4nnidele, kes meid t\u00e4na toetama tulid,\u201d v\u00f5ttis peatreener m\u00e4ngu kokku.<\/p>\n\n\n\n<p>P\u00e4rast v\u00e4ikest pausi j\u00e4tkab aga meeskond ettevalmistusi juba uueks Rahvaliiga turniiriks, mis toimub 16. juunil Tallinnas.<\/p>\n\n\n\n<p>\u201eTrennid toimuvad meil igal n\u00e4dalavahetusel Tartu tamme staadionil. Kindlasti ootame meie ridadesse uusi tulijaid \u2013 v\u00f5tke julgelt minuga \u00fchendust ja j\u00e4lgige meid Instagramis @fcpolvadynamo.\u201d<\/p>\n\n\n\n<p>Soovime FC P\u00f5lva D\u00fcnamole ja Omarile palju edu!<\/p>\n","protected":false},"excerpt":{"rendered":"<p>Ajal kui suurem osa \u00f5pilastes nautis ilusa kevadilma saabumist, osalesid FC P\u00f5lva D\u00fcnamo klubi m\u00e4ngijad oma esimesel t\u00f5elisel jalgpalliturniiril&#8230;<\/p>\n","protected":false},"author":184,"featured_media":351,"comment_status":"open","ping_status":"open","sticky":false,"template":"","format":"standard","meta":{"_monsterinsights_skip_tracking":false,"_monsterinsights_sitenote_active":false,"_monsterinsights_sitenote_note":"","_monsterinsights_sitenote_category":0,"footnotes":""},"categories":[412],"tags":[338],"coauthors":[383],"acf":[],"_links":{"self":[{"href":"http:\/\/www.htg.tartu.ee\/miilang\/wp-json\/wp\/v2\/posts\/5060"}],"collection":[{"href":"http:\/\/www.htg.tartu.ee\/miilang\/wp-json\/wp\/v2\/posts"}],"about":[{"href":"http:\/\/www.htg.tartu.ee\/miilang\/wp-json\/wp\/v2\/types\/post"}],"author":[{"embeddable":true,"href":"http:\/\/www.htg.tartu.ee\/miilang\/wp-json\/wp\/v2\/users\/184"}],"replies":[{"embeddable":true,"href":"http:\/\/www.htg.tartu.ee\/miilang\/wp-json\/wp\/v2\/comments?post=5060"}],"version-history":[{"count":1,"href":"http:\/\/www.htg.tartu.ee\/miilang\/wp-json\/wp\/v2\/posts\/5060\/revisions"}],"predecessor-version":[{"id":5061,"href":"http:\/\/www.htg.tartu.ee\/miilang\/wp-json\/wp\/v2\/posts\/5060\/revisions\/5061"}],"wp:featuredmedia":[{"embeddable":true,"href":"http:\/\/www.htg.tartu.ee\/miilang\/wp-json\/wp\/v2\/media\/351"}],"wp:attachment":[{"href":"http:\/\/www.htg.tartu.ee\/miilang\/wp-json\/wp\/v2\/media?parent=5060"}],"wp:term":[{"taxonomy":"category","embeddable":true,"href":"http:\/\/www.htg.tartu.ee\/miilang\/wp-json\/wp\/v2\/categories?post=5060"},{"taxonomy":"post_tag","embeddable":true,"href":"http:\/\/www.htg.tartu.ee\/miilang\/wp-json\/wp\/v2\/tags?post=5060"},{"taxonomy":"author","embeddable":true,"href":"http:\/\/www.htg.tartu.ee\/miilang\/wp-json\/wp\/v2\/coauthors?post=5060"}],"curies":[{"name":"wp","href":"https:\/\/api.w.org\/{rel}","templated":true}]}}