{"id":501,"date":"2012-02-21T17:53:35","date_gmt":"2012-02-21T17:53:35","guid":{"rendered":"http:\/\/www.htg.tartu.ee\/miilang\/?p=501"},"modified":"2012-04-28T18:43:36","modified_gmt":"2012-04-28T18:43:36","slug":"soprus-reaalkooli-volumaailmas","status":"publish","type":"post","link":"http:\/\/www.htg.tartu.ee\/miilang\/2012\/veebruar2012\/soprus-reaalkooli-volumaailmas\/","title":{"rendered":"S\u00f5prus reaalkooli v\u00f5lumaailmas"},"content":{"rendered":"<p><strong>Jah, trotsides k\u00fclma ja lootes, et bussi k\u00fcttes\u00fcsteem ei \u00fctle poole tee peal \u00fcles, istusid umbes 40 treffneristi 3. veebruaril bussi, et v\u00f5tta s\u00f5it ette Tallinnasse ning pidada maha \u00fcks korralik s\u00f5brap\u00e4ev koos Tallinna Reaalkooliga.<\/strong><\/p>\n<div id=\"attachment_506\" style=\"width: 594px\" class=\"wp-caption alignnone\"><a href=\"http:\/\/www.htg.tartu.ee\/miilang\/wp-content\/uploads\/2012\/02\/reaal6.jpg\"><img aria-describedby=\"caption-attachment-506\" decoding=\"async\" loading=\"lazy\" class=\" wp-image-506\" title=\"Koos sai tehtud palju: Reaalkooli \u00f5pilased ning treffneristid jaotati t\u00f6\u00f6gruppidesse ning p\u00e4rast nauditi \u00fcheskoos oma t\u00f6\u00f6 vilju.\" src=\"http:\/\/www.htg.tartu.ee\/miilang\/wp-content\/uploads\/2012\/02\/reaal6-1024x682.jpg\" alt=\"\" width=\"584\" height=\"388\" srcset=\"http:\/\/www.htg.tartu.ee\/miilang\/wp-content\/uploads\/2012\/02\/reaal6-1024x682.jpg 1024w, http:\/\/www.htg.tartu.ee\/miilang\/wp-content\/uploads\/2012\/02\/reaal6-300x199.jpg 300w, http:\/\/www.htg.tartu.ee\/miilang\/wp-content\/uploads\/2012\/02\/reaal6-520x346.jpg 520w\" sizes=\"(max-width: 584px) 100vw, 584px\" \/><\/a><p id=\"caption-attachment-506\" class=\"wp-caption-text\">Koos sai tehtud palju: Reaalkooli \u00f5pilased ning treffneristid jaotati t\u00f6\u00f6gruppidesse ning p\u00e4rast nauditi \u00fcheskoos oma t\u00f6\u00f6 vilju.<\/p><\/div>\n<p>K\u00e4re pakane ei olnud rivist v\u00e4lja l\u00f6\u00f6nud \u00fchtegi realisti, sest k\u00f5ik nad ootasid meid juba uksel ning juhatasid rutakal sammul \u00fcleriietest lahti saama. Paksud m\u00fctsid, joped ja saapad virnastatud-nagistatud, panime nimesildid rinda ning kergelt punap\u00f5sksed treffneristid jagati vastavalt t\u00f6\u00f6gruppidele laiali ja saadeti majaga tutvuma. Jah, maja on uhke ning v\u00e4\u00e4rikas. Pisut oli k\u00fcll harjumatu n\u00e4ha pisikesi jupatseid kiirelt-kiirelt treppidest \u00fcles ja alla jooksmas, kuid suur koolimaja tunduks nendeta \u00fcsnagi k\u00f5le. Eks koolile annavad hingamise ikkagi \u00f5pilased ja sellises suures koolis on iga pisike ja suur selle hingamise \u00fcks osake!<\/p>\n<p>M\u00f5nek\u00fcmne minuti p\u00e4rast said realistid ja treffneristid kokku neljandal korrusel, et \u00e4sja, juubeli t\u00e4histamiseks avatud ajateljel kaeda v\u00e4ikest tutvustust Reaalkooli ajaloost. Ajatelg oli \u00fclimalt efektne ning rohke pildirea k\u00f5rval jooksis paralleelselt ka eesti ajaloo ajatelg. Pudirida, vabadusv\u00f5itlejad ning uhke s\u00f5rmusetseremoonia olid vaid m\u00f5ned infokillud, mida teame n\u00fc\u00fcd Tallina Reealkooli ajaloost ja traditsioonidest. Kuna me seal \u00fcleval ajatelje juures juba koos olime, ei olnud realistidel meile kahju n\u00e4idata nende k\u00f5ige uuemat moodust, kuidas \u00f5ppimine oma \u00f5pilastele veelgi l\u00e4hemale tuua: nimelt n\u00e4idati meile liftiga transporditavat suurt seifimoodi kasti, kus sees asus t\u00e4pselt 36 r\u00fcperaali, mida on h\u00f5lbus klassist klassi s\u00f5idutada ja vajadusel n\u00f5ndaviisi, tehnoloogia abil, \u00f5petusi jagada. Kas pole mitte hea idee?<\/p>\n<div id=\"attachment_505\" style=\"width: 594px\" class=\"wp-caption alignleft\"><a href=\"http:\/\/www.htg.tartu.ee\/miilang\/wp-content\/uploads\/2012\/02\/Reaal2.jpg\"><img aria-describedby=\"caption-attachment-505\" decoding=\"async\" loading=\"lazy\" class=\"size-large wp-image-505\" title=\"K\u00f5va s\u00f5na: Reaalkool n\u00e4itab oma portatiivset arvutiklassi! \" src=\"http:\/\/www.htg.tartu.ee\/miilang\/wp-content\/uploads\/2012\/02\/Reaal2-1024x681.jpg\" alt=\"\" width=\"584\" height=\"388\" srcset=\"http:\/\/www.htg.tartu.ee\/miilang\/wp-content\/uploads\/2012\/02\/Reaal2-1024x681.jpg 1024w, http:\/\/www.htg.tartu.ee\/miilang\/wp-content\/uploads\/2012\/02\/Reaal2-300x199.jpg 300w, http:\/\/www.htg.tartu.ee\/miilang\/wp-content\/uploads\/2012\/02\/Reaal2-520x346.jpg 520w\" sizes=\"(max-width: 584px) 100vw, 584px\" \/><\/a><p id=\"caption-attachment-505\" class=\"wp-caption-text\">K\u00f5va s\u00f5na: Reaalkool n\u00e4itab oma portatiivset arvutiklassi!<\/p><\/div>\n<h1>T\u00f5elised reaalid<\/h1>\n<p><a href=\"http:\/\/www.htg.tartu.ee\/miilang\/wp-content\/uploads\/2012\/02\/IMG_4932.jpg\"><br \/>\n<img decoding=\"async\" loading=\"lazy\" class=\"alignright\" title=\"IMG_4932\" src=\"http:\/\/www.htg.tartu.ee\/miilang\/wp-content\/uploads\/2012\/02\/IMG_4932-300x200.jpg\" alt=\"\" width=\"300\" height=\"200\" \/><\/a>Edasi oli meil aeg k\u00e4ia koos oma realistidest s\u00f5pradega tundides. Oh seda imet! Jah, nad <a href=\"http:\/\/www.htg.tartu.ee\/miilang\/wp-content\/uploads\/2012\/02\/IMG_4932.jpg\"><br \/>\n<\/a>lahendavad f\u00fc\u00fcsika\u00fclesandeid ka vahetunnis ja tegelikult suure osa ka ajalootunnist. Seda ajude raginat oli tunda ja ega \u00f5petajagi sellest m\u00f6\u00f6da ei vaadanud. \u201eKas Kuurme andis teile j\u00e4lle mingi raske \u00fclesande lahendada?\u201c ja m\u00f5ni hetk hiljem \u201eKas saite oma vastuse k\u00e4tte?\u201c. T\u00f5si, kalkulaator on rohkem moes kui ajaloovihik. Miks ma k\u00fcll imestan, ma istun Tallinna Reaalkoolis ja koos v\u00e4gagi reaalselt m\u00f5tlevate inimestega! Tund oli alles alanud ja juba oli ta l\u00e4bi. Paaristundideta koolip\u00e4ev tundus veidi veider, aga eks nendelegi tunduks meie 90 minutit ajude ragistamist liiga pikk ja harjumatu. Vahetunnis juhatati meid s\u00f6\u00f6klasse, kus t\u00e4ideti meie k\u00f5ht hea ja paremaga ning edasi suundusin mina oma s\u00f5braga f\u00fc\u00fcsikatundi, kus oli k\u00fclas reaalkooli vilistlasest neiu, kes \u00f5pib ja teeb teadust \u00fcle lombi. V\u00e4ga huvitav ja silmaringi avardav tund, sattusime \u00f5igel ajal olema t\u00e4pselt \u00f5iges kohas.<\/p>\n<h1>Koos loomise r\u00f5\u00f5m<\/h1>\n<p><a href=\"http:\/\/www.htg.tartu.ee\/miilang\/wp-content\/uploads\/2012\/02\/Reaal.jpg\"><img decoding=\"async\" loading=\"lazy\" class=\"alignleft size-medium wp-image-504\" title=\"Reaal\" src=\"http:\/\/www.htg.tartu.ee\/miilang\/wp-content\/uploads\/2012\/02\/Reaal-300x198.jpg\" alt=\"\" width=\"300\" height=\"198\" srcset=\"http:\/\/www.htg.tartu.ee\/miilang\/wp-content\/uploads\/2012\/02\/Reaal-300x198.jpg 300w, http:\/\/www.htg.tartu.ee\/miilang\/wp-content\/uploads\/2012\/02\/Reaal-1024x677.jpg 1024w, http:\/\/www.htg.tartu.ee\/miilang\/wp-content\/uploads\/2012\/02\/Reaal.jpg 1600w\" sizes=\"(max-width: 300px) 100vw, 300px\" \/><\/a>P\u00e4rast tarkuste omandamist oli aeg minna t\u00f6\u00f6gruppidesse ning nii toimuski paari tunni jooksul klassiruumides ja aulas vilgas tegevus: maaliti, joonistati poose, tehti ehteid, tutvustati \u00f5ppeprogramme, loodi v\u00e4rssn\u00e4idend, moodustati \u00fche \u00f5htu b\u00e4nd ning avastused imelises teaduses l\u00f5ppesid pauguga vabas \u00f5hus. P\u00e4rastl\u00f5unal nauditi ajalooh\u00f5ngulises aulas etteasteid, muusikat ja tipphetkeks v\u00f5ib pidada n\u00e4itegrupi naerutavat etteastet, kus omal kohal ja au sees olid Koit Toome (Kaisa J\u00f5geva), Evelin Ilves (Linda Eensaar), Anton Hansen Tammsaare (Jan Teevet), Ines (Elina Muld) ning Anna Levandi (Merili Arjakas). L\u00f5petasime oma v\u00e4gagi produktiivse p\u00e4eva kooli s\u00f6\u00f6klas, kus enne teeleasumist pakuti kuuma teed ning maitsvat kringlit.<\/p>\n<h1>Ainult kasu<\/h1>\n<p>Mis ma oskan \u00f6elda, isegi\u00a0mulle, kelle \u00fchtekuuluvus reaalainete ja realistliku maailmavaatega pole niiv\u00f5rd arenenud, hakkas k\u00fclge soov\u00a0osata ja olla REAAL. Ah, k\u00fcll\u00a0j\u00f5uab seda poolt ka endas veel\u00a0arendanda! S\u00f5pru ju ei \u00fchenda\u00a0kool ja klass, vaid ikka \u00fchised\u00a0jututeemad ja isiksused ise.\u00a0Nii j\u00e4tkugugi traditsioon ja\u00a0oodakem meie \u00fchiseid s\u00f5pru\u00a0pealinnast k\u00fclla juba j\u00e4rgmine aasta, kui t\u00e4histame koos\u00a0taas kord seda s\u00f5praderohket\u00a014. veebruari.<\/p>\n<div id=\"attachment_502\" style=\"width: 594px\" class=\"wp-caption alignright\"><a href=\"http:\/\/www.htg.tartu.ee\/miilang\/wp-content\/uploads\/2012\/02\/IMG_4855.jpg\"><img aria-describedby=\"caption-attachment-502\" decoding=\"async\" loading=\"lazy\" class=\"size-large wp-image-502\" title=\"Reaalkooli \u00f5pilaste ulakus sarnaneb treffneristidega: Kui terava pilguga j\u00e4lgida, siis ka meie kabinetis 213 sodivad \u00f5pilased pistikupesi.\" src=\"http:\/\/www.htg.tartu.ee\/miilang\/wp-content\/uploads\/2012\/02\/IMG_4855-1024x682.jpg\" alt=\"\" width=\"584\" height=\"388\" srcset=\"http:\/\/www.htg.tartu.ee\/miilang\/wp-content\/uploads\/2012\/02\/IMG_4855-1024x682.jpg 1024w, http:\/\/www.htg.tartu.ee\/miilang\/wp-content\/uploads\/2012\/02\/IMG_4855-300x200.jpg 300w, http:\/\/www.htg.tartu.ee\/miilang\/wp-content\/uploads\/2012\/02\/IMG_4855-520x346.jpg 520w, http:\/\/www.htg.tartu.ee\/miilang\/wp-content\/uploads\/2012\/02\/IMG_4855.jpg 1600w\" sizes=\"(max-width: 584px) 100vw, 584px\" \/><\/a><p id=\"caption-attachment-502\" class=\"wp-caption-text\">Reaalkooli \u00f5pilaste ulakus sarnaneb treffneristidega: Kui terava pilguga j\u00e4lgida, siis ka meie kabinetis 213 sodivad \u00f5pilased pistikupesi.<\/p><\/div>\n","protected":false},"excerpt":{"rendered":"<p>Jah, trotsides k\u00fclma ja lootes, et bussi k\u00fcttes\u00fcsteem ei \u00fctle poole tee peal \u00fcles, istusid umbes 40 treffneristi 3. veebruaril bussi, et v\u00f5tta s\u00f5it ette Tallinnasse ning pidada maha \u00fcks korralik s\u00f5brap\u00e4ev koos Tallinna Reaalkooliga. K\u00e4re pakane ei olnud rivist v\u00e4lja l\u00f6\u00f6nud \u00fchtegi realisti, sest k\u00f5ik nad ootasid meid juba&#8230;<\/p>\n","protected":false},"author":2,"featured_media":506,"comment_status":"open","ping_status":"open","sticky":false,"template":"","format":"standard","meta":{"_monsterinsights_skip_tracking":false,"_monsterinsights_sitenote_active":false,"_monsterinsights_sitenote_note":"","_monsterinsights_sitenote_category":0,"footnotes":""},"categories":[39],"tags":[],"coauthors":[28],"acf":[],"_links":{"self":[{"href":"http:\/\/www.htg.tartu.ee\/miilang\/wp-json\/wp\/v2\/posts\/501"}],"collection":[{"href":"http:\/\/www.htg.tartu.ee\/miilang\/wp-json\/wp\/v2\/posts"}],"about":[{"href":"http:\/\/www.htg.tartu.ee\/miilang\/wp-json\/wp\/v2\/types\/post"}],"author":[{"embeddable":true,"href":"http:\/\/www.htg.tartu.ee\/miilang\/wp-json\/wp\/v2\/users\/2"}],"replies":[{"embeddable":true,"href":"http:\/\/www.htg.tartu.ee\/miilang\/wp-json\/wp\/v2\/comments?post=501"}],"version-history":[{"count":4,"href":"http:\/\/www.htg.tartu.ee\/miilang\/wp-json\/wp\/v2\/posts\/501\/revisions"}],"predecessor-version":[{"id":556,"href":"http:\/\/www.htg.tartu.ee\/miilang\/wp-json\/wp\/v2\/posts\/501\/revisions\/556"}],"wp:featuredmedia":[{"embeddable":true,"href":"http:\/\/www.htg.tartu.ee\/miilang\/wp-json\/wp\/v2\/media\/506"}],"wp:attachment":[{"href":"http:\/\/www.htg.tartu.ee\/miilang\/wp-json\/wp\/v2\/media?parent=501"}],"wp:term":[{"taxonomy":"category","embeddable":true,"href":"http:\/\/www.htg.tartu.ee\/miilang\/wp-json\/wp\/v2\/categories?post=501"},{"taxonomy":"post_tag","embeddable":true,"href":"http:\/\/www.htg.tartu.ee\/miilang\/wp-json\/wp\/v2\/tags?post=501"},{"taxonomy":"author","embeddable":true,"href":"http:\/\/www.htg.tartu.ee\/miilang\/wp-json\/wp\/v2\/coauthors?post=501"}],"curies":[{"name":"wp","href":"https:\/\/api.w.org\/{rel}","templated":true}]}}