{"id":4575,"date":"2023-12-08T22:58:10","date_gmt":"2023-12-08T19:58:10","guid":{"rendered":"https:\/\/www.htg.tartu.ee\/miilang\/?p=4575"},"modified":"2023-12-08T22:59:21","modified_gmt":"2023-12-08T19:59:21","slug":"klassipusade-minevik-olevik-ja-tulevik","status":"publish","type":"post","link":"http:\/\/www.htg.tartu.ee\/miilang\/2023\/detsember-2023\/klassipusade-minevik-olevik-ja-tulevik\/","title":{"rendered":"Klassipusade minevik, olevik ja tulevik"},"content":{"rendered":"\n<p><strong>Klassipusad on imeline v\u00f5imalus klassi erip\u00e4ra ja \u00fchtsuse n\u00e4itamiseks. Koolis v\u00f5ime&nbsp; neid kohata suurel hulgal ning kirjus valikus. Kas me aga teame, kust said klassipusad alguse ja mis on iga pusa disaini m\u00f5te?<\/strong><\/p>\n\n\n\n<p>Huvijuht Uve Saarega klassipusade teemal vesteldes tuli v\u00e4lja mitmesugust uut ja p\u00f5nevat. Klassipusade traditsioon on umbes 10 aastat vana. Enne seda polnudki mingit f\u00fc\u00fcsilist tunnust, mis n\u00e4idanuks klassi \u00fchtekuuluvust. Tantsutaldadel on olnud pusad k\u00f5ige kauem ning v\u00f5ib arvata, et just neilt v\u00f5tsidki \u0161nitti esimesed klassipusade loojad. Kui k\u00fcsisime Uve Saarelt klassipusade olemuse kohta, tunnistas huvijuht, et tal pole kindlat seisukohta ning j\u00e4\u00e4b neutraalseks. Lisaks arvab ta, et ka tema oleks oma kooliajal klassipusa kandnud, kui neid oleks siis tehtud. Veidi muret tekitab talle aga see, et pusad v\u00f5ivad \u00fcle\u00fcldist riietumisstiili koolis l\u00f5dvemaks muuta. Peamine on see, et pusa oleks soliidne, mugav ja soe (viimane on Treffneris ilmselt k\u00f5ige t\u00e4htsam).&nbsp;<\/p>\n\n\n\n<p>Enne klassipusasid said \u00f5pilased tellida endale kooli T-s\u00e4rke, millel oli kujutatud Hugo Treffnerit. V\u00f5ib oletada, et s\u00e4rkide traditsioon h\u00e4\u00e4bus ja pusasid ei hakatud varasemalt tegema, sest p\u00e4rast kohustusliku koolivormi kaotamist tahtsid \u00f5pilased pigem \u00fcksteisest eristuda. 1998. aastal avaldas direktor Helmer J\u00f5gi siiski soovi, et koolil v\u00f5iks olla oma koolivorm, kuid paljudele see m\u00f5te ei meeldinud. Lisaks \u00fctles huvijuht, et ilmselt ei saa ka klassipusad tulevikus kohustuslikuks. Kui miski on sunduslik, siis inimestel tekib kohe vastumeelsus.<\/p>\n\n\n\n<p>Kolm tegurit, mis teevad klassipusast just klassipusa, on s\u00fcmboolne v\u00e4rv, \u00fcks vahva tegelane ja lennunumber. Enamasti valitakse pusa v\u00e4rviks oma klassi v\u00e4rv v\u00f5i m\u00f5ni selle varjund, millele lisaks on osad klassid teinud neutraalsust armastavatele klassikaaslastele ka musta v\u00e4rvi pusad. Vahvad tegelased pusade peal on tavaliselt klasside maskotid v\u00f5i multikategelased, kuid miks mitte ka n\u00e4iteks aatomi kujutis, mis on A19 pusadel. Miilang k\u00fcsis erinevate klasside \u00f5pilastelt ja vilistlastelt nende pusade disaini olemuse ja kujunemise kohta.<\/p>\n\n\n\n<h3 class=\"wp-block-heading\"><strong>B22<\/strong><\/h3>\n\n\n<div class=\"wp-block-image\">\n<figure class=\"alignleft size-large is-resized\"><a href=\"https:\/\/www.htg.tartu.ee\/miilang\/wp-content\/uploads\/2023\/12\/B22-klassipusa-Foto_-Marta-Joonas.png\"><img decoding=\"async\" loading=\"lazy\" src=\"https:\/\/www.htg.tartu.ee\/miilang\/wp-content\/uploads\/2023\/12\/B22-klassipusa-Foto_-Marta-Joonas-1024x1024.png\" alt=\"\" class=\"wp-image-4580\" style=\"width:235px;height:235px\" width=\"235\" height=\"235\" srcset=\"http:\/\/www.htg.tartu.ee\/miilang\/wp-content\/uploads\/2023\/12\/B22-klassipusa-Foto_-Marta-Joonas-1024x1024.png 1024w, http:\/\/www.htg.tartu.ee\/miilang\/wp-content\/uploads\/2023\/12\/B22-klassipusa-Foto_-Marta-Joonas-300x300.png 300w, http:\/\/www.htg.tartu.ee\/miilang\/wp-content\/uploads\/2023\/12\/B22-klassipusa-Foto_-Marta-Joonas-150x150.png 150w, http:\/\/www.htg.tartu.ee\/miilang\/wp-content\/uploads\/2023\/12\/B22-klassipusa-Foto_-Marta-Joonas-768x768.png 768w, http:\/\/www.htg.tartu.ee\/miilang\/wp-content\/uploads\/2023\/12\/B22-klassipusa-Foto_-Marta-Joonas.png 1280w\" sizes=\"(max-width: 235px) 100vw, 235px\" \/><\/a><figcaption class=\"wp-element-caption\"><strong>B22 klassipusa<\/strong><br>Foto: Marta Joonas<\/figcaption><\/figure><\/div>\n\n\n<p>B22 klassipusade s\u00fcmboolika on seotud&nbsp; \u00fche naljaka juhtumiga k\u00fcmnendast klassist. Marta Joonas kirjeldas seda t\u00e4psemalt. &#8220;B22 pusa peal on uinunud klassi maskott pingviin. Oli parasjagu enesehoolivuse tund, mis toimus kolmap\u00e4eval viienda tunni ajal, ja k\u00f5ik olid v\u00e4ga v\u00e4sinud. Kuna r\u00e4\u00e4giti ka unest, oli v\u00e4hemalt pool klassi juba magama suikunud (m\u00f5ned pikutasid pinkide peal, m\u00f5ned laua peal, \u00fcks klassivend tuli taga nurgas p\u00e4riselt \u00fcles \u00e4ratada). \u201eSellep\u00e4rast pingviin magabki, et oleme \u00fchtselt \u00fcpris unised.\u201d T\u00e4hed <em>z, x, y<\/em> on tulnud magamise tunnusest <em>zzz<\/em>, kuid s\u00fcmboliseerivad tundmatutena matemaatikat, kuna tegemist on ikkagi reaalklassiga. Raamat pingviini seljal t\u00e4histab muidugi \u00f5ppimist ning selle kaanele on kirjutatud ka B22.<\/p>\n\n\n\n<h3 class=\"wp-block-heading\"><strong>C22<\/strong><\/h3>\n\n\n\n<p>Hea pusa retsept koosneb loovusest ja koost\u00f6\u00f6st. Kirke Karolin Tark r\u00e4\u00e4kis, et algul oli muidugi raske disaini osas konsensust leida, kuid kui see \u00f5ige idee l\u00f5puks lauale laoti, olid k\u00f5ik vaimustuses. Otsustati, et iga\u00fcks joonistab pusale \u00fche lille. Kokku tuligi \u00fcks armas lilleaed. \u201eM\u00f5eldud-tehtud ja nii me saimegi endale pusa, mille kohta on teiste klasside \u00f5pilased \u00f6elnud, et see on nii ilus, et nad kannaks seda isegi (\u00e4kki peakski tootma hakkama).\u201d<\/p>\n\n\n\n<figure class=\"wp-block-gallery has-nested-images columns-default is-cropped wp-block-gallery-1 is-layout-flex wp-block-gallery-is-layout-flex\">\n<figure class=\"wp-block-image size-large\"><a href=\"https:\/\/www.htg.tartu.ee\/miilang\/wp-content\/uploads\/2023\/12\/C22-klassipusa-foto_-Kirke-Karolin-Tark-scaled.jpg\"><img decoding=\"async\" loading=\"lazy\" width=\"768\" height=\"1024\" data-id=\"4585\" src=\"https:\/\/www.htg.tartu.ee\/miilang\/wp-content\/uploads\/2023\/12\/C22-klassipusa-foto_-Kirke-Karolin-Tark-768x1024.jpg\" alt=\"\" class=\"wp-image-4585\" srcset=\"http:\/\/www.htg.tartu.ee\/miilang\/wp-content\/uploads\/2023\/12\/C22-klassipusa-foto_-Kirke-Karolin-Tark-768x1024.jpg 768w, http:\/\/www.htg.tartu.ee\/miilang\/wp-content\/uploads\/2023\/12\/C22-klassipusa-foto_-Kirke-Karolin-Tark-225x300.jpg 225w, http:\/\/www.htg.tartu.ee\/miilang\/wp-content\/uploads\/2023\/12\/C22-klassipusa-foto_-Kirke-Karolin-Tark-1152x1536.jpg 1152w, http:\/\/www.htg.tartu.ee\/miilang\/wp-content\/uploads\/2023\/12\/C22-klassipusa-foto_-Kirke-Karolin-Tark-1536x2048.jpg 1536w, http:\/\/www.htg.tartu.ee\/miilang\/wp-content\/uploads\/2023\/12\/C22-klassipusa-foto_-Kirke-Karolin-Tark-scaled.jpg 1920w\" sizes=\"(max-width: 768px) 100vw, 768px\" \/><\/a><figcaption class=\"wp-element-caption\">Foto: Kirke Karolin Tark<\/figcaption><\/figure>\n\n\n\n<figure class=\"wp-block-image size-large\"><a href=\"https:\/\/www.htg.tartu.ee\/miilang\/wp-content\/uploads\/2023\/12\/C22-klassipusa-foto_-Ott-Maidre-scaled.jpg\"><img decoding=\"async\" loading=\"lazy\" width=\"1024\" height=\"771\" data-id=\"4587\" src=\"https:\/\/www.htg.tartu.ee\/miilang\/wp-content\/uploads\/2023\/12\/C22-klassipusa-foto_-Ott-Maidre-1024x771.jpg\" alt=\"\" class=\"wp-image-4587\" srcset=\"http:\/\/www.htg.tartu.ee\/miilang\/wp-content\/uploads\/2023\/12\/C22-klassipusa-foto_-Ott-Maidre-1024x771.jpg 1024w, http:\/\/www.htg.tartu.ee\/miilang\/wp-content\/uploads\/2023\/12\/C22-klassipusa-foto_-Ott-Maidre-300x226.jpg 300w, http:\/\/www.htg.tartu.ee\/miilang\/wp-content\/uploads\/2023\/12\/C22-klassipusa-foto_-Ott-Maidre-768x578.jpg 768w, http:\/\/www.htg.tartu.ee\/miilang\/wp-content\/uploads\/2023\/12\/C22-klassipusa-foto_-Ott-Maidre-1536x1157.jpg 1536w, http:\/\/www.htg.tartu.ee\/miilang\/wp-content\/uploads\/2023\/12\/C22-klassipusa-foto_-Ott-Maidre-2048x1542.jpg 2048w, http:\/\/www.htg.tartu.ee\/miilang\/wp-content\/uploads\/2023\/12\/C22-klassipusa-foto_-Ott-Maidre-200x150.jpg 200w\" sizes=\"(max-width: 1024px) 100vw, 1024px\" \/><\/a><figcaption class=\"wp-element-caption\">Foto: Ott Maidre<\/figcaption><\/figure>\n<\/figure>\n\n\n\n<p><\/p>\n\n\n\n<p><strong>A21<\/strong><\/p>\n\n\n<div class=\"wp-block-image\">\n<figure class=\"aligncenter size-full is-resized\"><a href=\"https:\/\/www.htg.tartu.ee\/miilang\/wp-content\/uploads\/2023\/12\/A21-klassipusa-Foto_-Aimar-Poom.jpg\"><img decoding=\"async\" loading=\"lazy\" src=\"https:\/\/www.htg.tartu.ee\/miilang\/wp-content\/uploads\/2023\/12\/A21-klassipusa-Foto_-Aimar-Poom.jpg\" alt=\"\" class=\"wp-image-4595\" style=\"width:468px;height:346px\" width=\"468\" height=\"346\" srcset=\"http:\/\/www.htg.tartu.ee\/miilang\/wp-content\/uploads\/2023\/12\/A21-klassipusa-Foto_-Aimar-Poom.jpg 828w, http:\/\/www.htg.tartu.ee\/miilang\/wp-content\/uploads\/2023\/12\/A21-klassipusa-Foto_-Aimar-Poom-300x222.jpg 300w, http:\/\/www.htg.tartu.ee\/miilang\/wp-content\/uploads\/2023\/12\/A21-klassipusa-Foto_-Aimar-Poom-768x569.jpg 768w\" sizes=\"(max-width: 468px) 100vw, 468px\" \/><\/a><\/figure><\/div>\n\n\n<p>M\u00f5nikord on hea teha vahvatest multikategelastest keegi kurjakuulutavam. Oma klassi pusadest r\u00e4\u00e4kis l\u00e4hemalt Miia Isabel Anipai. A21 klassipusa kaunistab lohe Astel \u201eMy Little Pony\u201d multifilmist. Astel oli juhuslik, aga kindel valik. Lisaks ei ole lillasid tegelasi ka niiv\u00f5rd jalaga segada. \u201eKellele ei meeldiks lilla draakon?\u201d Lohe disainis B20 \u00f5pilane Susanne Lannes. Pusal olev tegelane erineb m\u00f5nev\u00f5rra Astlast, olles kurjakuulutavam ja suurejoonelisem, aga sobib siiski temaatikaga.<\/p>\n\n\n\n<h3 class=\"wp-block-heading\"><strong>B21<\/strong><\/h3>\n\n\n<div class=\"wp-block-image\">\n<figure class=\"alignleft size-large is-resized\"><a href=\"http:\/\/www.htg.tartu.ee\/miilang\/wp-content\/uploads\/2023\/12\/B21-klassipusa-Foto-Liisa-Viktooria-Puurand-scaled.jpg\"><img decoding=\"async\" loading=\"lazy\" src=\"http:\/\/www.htg.tartu.ee\/miilang\/wp-content\/uploads\/2023\/12\/B21-klassipusa-Foto-Liisa-Viktooria-Puurand-1024x1024.jpg\" alt=\"\" class=\"wp-image-4653\" style=\"width:267px;height:267px\" width=\"267\" height=\"267\" srcset=\"http:\/\/www.htg.tartu.ee\/miilang\/wp-content\/uploads\/2023\/12\/B21-klassipusa-Foto-Liisa-Viktooria-Puurand-1024x1024.jpg 1024w, http:\/\/www.htg.tartu.ee\/miilang\/wp-content\/uploads\/2023\/12\/B21-klassipusa-Foto-Liisa-Viktooria-Puurand-300x300.jpg 300w, http:\/\/www.htg.tartu.ee\/miilang\/wp-content\/uploads\/2023\/12\/B21-klassipusa-Foto-Liisa-Viktooria-Puurand-150x150.jpg 150w, http:\/\/www.htg.tartu.ee\/miilang\/wp-content\/uploads\/2023\/12\/B21-klassipusa-Foto-Liisa-Viktooria-Puurand-768x767.jpg 768w, http:\/\/www.htg.tartu.ee\/miilang\/wp-content\/uploads\/2023\/12\/B21-klassipusa-Foto-Liisa-Viktooria-Puurand-1536x1534.jpg 1536w, http:\/\/www.htg.tartu.ee\/miilang\/wp-content\/uploads\/2023\/12\/B21-klassipusa-Foto-Liisa-Viktooria-Puurand-2048x2046.jpg 2048w\" sizes=\"(max-width: 267px) 100vw, 267px\" \/><\/a><figcaption class=\"wp-element-caption\">Foto: Liisa Viktooria Puurand<\/figcaption><\/figure><\/div>\n\n\n<p>B21 klassipusad aitavad meeles hoida vanu h\u00e4id rebaste ristimise aegu. Loomulikult on see ka selline \u00fcritus, mis naljalt meelest ei l\u00e4he. Annika Aho kirjutas t\u00e4psemalt B21 klassipusade disainist. Pusa tagak\u00fcljel on klassi maskott roosa panter, kes kannab jaapani kimonot ja traditsioonilist <em>kasa<\/em> peakatet, meenutades riikideteemalist rebaste ristimist.<\/p>\n\n\n\n<p><\/p>\n\n\n\n<p><\/p>\n\n\n<div class=\"wp-block-image\">\n<figure class=\"alignright size-large is-resized\"><a href=\"https:\/\/www.htg.tartu.ee\/miilang\/wp-content\/uploads\/2023\/12\/C21-klassipusa-Foto_-Sireli-Sildnik-scaled.jpg\"><img decoding=\"async\" loading=\"lazy\" src=\"https:\/\/www.htg.tartu.ee\/miilang\/wp-content\/uploads\/2023\/12\/C21-klassipusa-Foto_-Sireli-Sildnik-754x1024.jpg\" alt=\"\" class=\"wp-image-4604\" style=\"width:263px;height:358px\" width=\"263\" height=\"358\" srcset=\"http:\/\/www.htg.tartu.ee\/miilang\/wp-content\/uploads\/2023\/12\/C21-klassipusa-Foto_-Sireli-Sildnik-754x1024.jpg 754w, http:\/\/www.htg.tartu.ee\/miilang\/wp-content\/uploads\/2023\/12\/C21-klassipusa-Foto_-Sireli-Sildnik-221x300.jpg 221w, http:\/\/www.htg.tartu.ee\/miilang\/wp-content\/uploads\/2023\/12\/C21-klassipusa-Foto_-Sireli-Sildnik-768x1043.jpg 768w, http:\/\/www.htg.tartu.ee\/miilang\/wp-content\/uploads\/2023\/12\/C21-klassipusa-Foto_-Sireli-Sildnik-1131x1536.jpg 1131w, http:\/\/www.htg.tartu.ee\/miilang\/wp-content\/uploads\/2023\/12\/C21-klassipusa-Foto_-Sireli-Sildnik-1508x2048.jpg 1508w, http:\/\/www.htg.tartu.ee\/miilang\/wp-content\/uploads\/2023\/12\/C21-klassipusa-Foto_-Sireli-Sildnik-scaled.jpg 1885w\" sizes=\"(max-width: 263px) 100vw, 263px\" \/><\/a><figcaption class=\"wp-element-caption\">Foto: Madli Maran<\/figcaption><\/figure><\/div>\n\n\n<h3 class=\"wp-block-heading\"><strong>C21<\/strong><\/h3>\n\n\n\n<p>Kindlasti ei tohi unustada, et klassipusa tegemine on peale klassi \u00fchtsustunde n\u00e4itaja ka \u00fcks armas ja tore projekt. Anna Malena Kuris kirjutas, kuidas disaini luues sooviti, et pusadel oleks klassimaskott, klassinumber (C21) ja \u00f5pilase h\u00fc\u00fcdnimi ning et \u00fcle\u00fcldiselt tuleks selline tore, armas ja mugav riideese. Madli Maran lisas, et klassi maskott Potsataja on paljudele ilmselt meelde j\u00e4\u00e4nud C21 klassijuhataja Ave K\u00fclteri kehastuses. Nimelt astusid Ave K\u00fclter ja C21 tollane abiklassijuhataja Ott Maidre rebaste ristimisel tantsup\u00f5randale Potsataja ja Gena kost\u00fc\u00fcmides.&nbsp;<br><\/p>\n\n\n\n<p><\/p>\n\n\n\n<p><\/p>\n\n\n<div class=\"wp-block-image\">\n<figure class=\"alignleft size-large is-resized\"><a href=\"https:\/\/www.htg.tartu.ee\/miilang\/wp-content\/uploads\/2023\/12\/B20-klassipusa-Foto_-Susanne-Lannes-1.jpg\"><img decoding=\"async\" loading=\"lazy\" src=\"https:\/\/www.htg.tartu.ee\/miilang\/wp-content\/uploads\/2023\/12\/B20-klassipusa-Foto_-Susanne-Lannes-1-1024x1024.jpg\" alt=\"\" class=\"wp-image-4636\" style=\"width:308px;height:308px\" width=\"308\" height=\"308\" srcset=\"http:\/\/www.htg.tartu.ee\/miilang\/wp-content\/uploads\/2023\/12\/B20-klassipusa-Foto_-Susanne-Lannes-1-1024x1024.jpg 1024w, http:\/\/www.htg.tartu.ee\/miilang\/wp-content\/uploads\/2023\/12\/B20-klassipusa-Foto_-Susanne-Lannes-1-300x300.jpg 300w, http:\/\/www.htg.tartu.ee\/miilang\/wp-content\/uploads\/2023\/12\/B20-klassipusa-Foto_-Susanne-Lannes-1-150x150.jpg 150w, http:\/\/www.htg.tartu.ee\/miilang\/wp-content\/uploads\/2023\/12\/B20-klassipusa-Foto_-Susanne-Lannes-1-768x768.jpg 768w, http:\/\/www.htg.tartu.ee\/miilang\/wp-content\/uploads\/2023\/12\/B20-klassipusa-Foto_-Susanne-Lannes-1-1536x1536.jpg 1536w, http:\/\/www.htg.tartu.ee\/miilang\/wp-content\/uploads\/2023\/12\/B20-klassipusa-Foto_-Susanne-Lannes-1.jpg 2048w\" sizes=\"(max-width: 308px) 100vw, 308px\" \/><\/a><figcaption class=\"wp-element-caption\">Foto: Susanne Lannes<\/figcaption><\/figure><\/div>\n\n\n<h3 class=\"wp-block-heading\"><strong>B20<\/strong><\/h3>\n\n\n\n<p>B20 pusal on esindatud klassi maskott, mille saamislugu on teistest \u00fcsnagi erinev ja meeldej\u00e4\u00e4v. K\u00e4rt Trinity Sillaots kirjutas, et idee klassipusal lehmakest kujutada tuli sellest, et \u00fche klassivenna perekonnanimeks on Milk ning teisel klassivennal on lihtsalt kodus 100 lehma. Kuid kas peaks ainult pusadega piirduma? \u201eKusjuures meil oli juttu, et teha ka spordis\u00e4rgid ja teistest erinedes ka bokserid, aga see j\u00e4i kahjuks ainult plaaniks.\u201d (K\u00e4rt Trinity Sillaots) Lisaks kirjutas K\u00e4rt, et lehmakesel on k\u00e4si p\u00fcsti (s\u00fcmboliseerimaks tublisid \u00f5ppureid) ning kroon peas (siiski ristimise v\u00f5itjad).&nbsp;<\/p>\n\n\n\n<p><\/p>\n\n\n\n<p><\/p>\n\n\n\n<h3 class=\"wp-block-heading\"><strong>A19<\/strong><\/h3>\n\n\n\n<p>A19 klassipusad p\u00f5imivad h\u00e4sti kokku f\u00fc\u00fcsikateadmised ja Siim Oksa Fordi. Helena Laving kirjeldas seda esialgu segasena tunduvat seost t\u00e4psemalt. Klass tahtis, et pusal oleks midagi, mis viitaks reaalsuunale, pigem midagi f\u00fc\u00fcsikaga seonduvat (ilmselt sellep\u00e4rast, et Siim Oks oli nende klassijuhataja). Mitu korda k\u00e4is l\u00e4bi, et miski v\u00f5iks Oksale endalegi viidata. Nii m\u00f5tles A19 mehaanika\u00fclesannete ja elektriskeemide peale. Viimaks valiti aatomi kujutis, mille tuumas on A19 ja \u00fcmber tiirlemas HTG t\u00e4hed. Siim Oksaga, kelle h\u00fc\u00fcdnimi oli Ox, seostati pusa v\u00e4ikese sisenalja kaudu. Nimelt s\u00f5itis Ox tollal Fordiga. Pusa omaniku nime \u00fcmber tehti logo, millele kirjutati \u201eOksfordi \u00fclikool\u201d. Pusa seljale aatomi kujutise alla sai iga\u00fcks ise valida n\u00e4iteks h\u00fc\u00fcdnime, m\u00f5ne laulu s\u00f5nad v\u00f5i millegi muu taolise. Helena valis sinna s\u00f5na \u201egambakas\u201d, sest ta m\u00e4ngis sellist pilli nagu gamba.<\/p>\n\n\n\n<figure class=\"wp-block-gallery has-nested-images columns-default is-cropped wp-block-gallery-3 is-layout-flex wp-block-gallery-is-layout-flex\">\n<figure class=\"wp-block-image size-large\"><a href=\"https:\/\/www.htg.tartu.ee\/miilang\/wp-content\/uploads\/2023\/12\/A19-klassipusa-Foto_-Helena-Laving-scaled.jpg\"><img decoding=\"async\" loading=\"lazy\" width=\"766\" height=\"1024\" data-id=\"4648\" src=\"https:\/\/www.htg.tartu.ee\/miilang\/wp-content\/uploads\/2023\/12\/A19-klassipusa-Foto_-Helena-Laving-766x1024.jpg\" alt=\"\" class=\"wp-image-4648\" srcset=\"http:\/\/www.htg.tartu.ee\/miilang\/wp-content\/uploads\/2023\/12\/A19-klassipusa-Foto_-Helena-Laving-766x1024.jpg 766w, http:\/\/www.htg.tartu.ee\/miilang\/wp-content\/uploads\/2023\/12\/A19-klassipusa-Foto_-Helena-Laving-224x300.jpg 224w, http:\/\/www.htg.tartu.ee\/miilang\/wp-content\/uploads\/2023\/12\/A19-klassipusa-Foto_-Helena-Laving-768x1026.jpg 768w, http:\/\/www.htg.tartu.ee\/miilang\/wp-content\/uploads\/2023\/12\/A19-klassipusa-Foto_-Helena-Laving-1149x1536.jpg 1149w, http:\/\/www.htg.tartu.ee\/miilang\/wp-content\/uploads\/2023\/12\/A19-klassipusa-Foto_-Helena-Laving-1532x2048.jpg 1532w, http:\/\/www.htg.tartu.ee\/miilang\/wp-content\/uploads\/2023\/12\/A19-klassipusa-Foto_-Helena-Laving-scaled.jpg 1916w\" sizes=\"(max-width: 766px) 100vw, 766px\" \/><\/a><\/figure>\n\n\n\n<figure class=\"wp-block-image size-large\"><a href=\"https:\/\/www.htg.tartu.ee\/miilang\/wp-content\/uploads\/2023\/12\/A19-klassipusa-Foto_-Helena-Laving-1-scaled.jpg\"><img decoding=\"async\" loading=\"lazy\" width=\"766\" height=\"1024\" data-id=\"4649\" src=\"https:\/\/www.htg.tartu.ee\/miilang\/wp-content\/uploads\/2023\/12\/A19-klassipusa-Foto_-Helena-Laving-1-766x1024.jpg\" alt=\"\" class=\"wp-image-4649\" srcset=\"http:\/\/www.htg.tartu.ee\/miilang\/wp-content\/uploads\/2023\/12\/A19-klassipusa-Foto_-Helena-Laving-1-766x1024.jpg 766w, http:\/\/www.htg.tartu.ee\/miilang\/wp-content\/uploads\/2023\/12\/A19-klassipusa-Foto_-Helena-Laving-1-224x300.jpg 224w, http:\/\/www.htg.tartu.ee\/miilang\/wp-content\/uploads\/2023\/12\/A19-klassipusa-Foto_-Helena-Laving-1-768x1026.jpg 768w, http:\/\/www.htg.tartu.ee\/miilang\/wp-content\/uploads\/2023\/12\/A19-klassipusa-Foto_-Helena-Laving-1-1149x1536.jpg 1149w, http:\/\/www.htg.tartu.ee\/miilang\/wp-content\/uploads\/2023\/12\/A19-klassipusa-Foto_-Helena-Laving-1-1532x2048.jpg 1532w, http:\/\/www.htg.tartu.ee\/miilang\/wp-content\/uploads\/2023\/12\/A19-klassipusa-Foto_-Helena-Laving-1-scaled.jpg 1916w\" sizes=\"(max-width: 766px) 100vw, 766px\" \/><\/a><\/figure>\n<\/figure>\n\n\n\n<p class=\"has-text-align-center\">Fotod: Helena Laving<\/p>\n\n\n\n<h3 class=\"wp-block-heading\"><strong>C19<\/strong><\/h3>\n\n\n\n<p>C19 pusa on suuresti inspireeritud \u00f5petajate nimedest ja \u00fctlemistest. Grete T\u00f5niste kirjutas oma klassi pusade saamisloost j\u00e4rgmist. Pusa tagak\u00fcljel on hundi logo ja vahtralehed, sest need olid ka klassilipu peal. Hundi idee tuli sellest, et nende klassijuhataja oli Erika Hunt. Kapuutsi peale kirjutati Saima Kaarma s\u00f5nad \u201eF\u00fc\u00fcsikat ei oska, raamatuid ei loe\u201d, sest just nii iseloomustas \u00f5petaja looduslapsi esimeses bioloogiatunnis.&nbsp;<\/p>\n\n\n\n<figure class=\"wp-block-gallery has-nested-images columns-default is-cropped wp-block-gallery-5 is-layout-flex wp-block-gallery-is-layout-flex\">\n<figure class=\"wp-block-image size-large\"><a href=\"https:\/\/www.htg.tartu.ee\/miilang\/wp-content\/uploads\/2023\/12\/C19-klassipusa-Foto_-Johanna-Karp.jpg\"><img decoding=\"async\" loading=\"lazy\" width=\"768\" height=\"1024\" data-id=\"4638\" src=\"https:\/\/www.htg.tartu.ee\/miilang\/wp-content\/uploads\/2023\/12\/C19-klassipusa-Foto_-Johanna-Karp-768x1024.jpg\" alt=\"\" class=\"wp-image-4638\" srcset=\"http:\/\/www.htg.tartu.ee\/miilang\/wp-content\/uploads\/2023\/12\/C19-klassipusa-Foto_-Johanna-Karp-768x1024.jpg 768w, http:\/\/www.htg.tartu.ee\/miilang\/wp-content\/uploads\/2023\/12\/C19-klassipusa-Foto_-Johanna-Karp-225x300.jpg 225w, http:\/\/www.htg.tartu.ee\/miilang\/wp-content\/uploads\/2023\/12\/C19-klassipusa-Foto_-Johanna-Karp.jpg 1125w\" sizes=\"(max-width: 768px) 100vw, 768px\" \/><\/a><figcaption class=\"wp-element-caption\">Foto: Johanna Karp<\/figcaption><\/figure>\n\n\n\n<figure class=\"wp-block-image size-large\"><a href=\"https:\/\/www.htg.tartu.ee\/miilang\/wp-content\/uploads\/2023\/12\/C19-klassipusa-Foto_-Grete-Toniste.jpg\"><img decoding=\"async\" loading=\"lazy\" width=\"768\" height=\"1024\" data-id=\"4639\" src=\"https:\/\/www.htg.tartu.ee\/miilang\/wp-content\/uploads\/2023\/12\/C19-klassipusa-Foto_-Grete-Toniste-768x1024.jpg\" alt=\"\" class=\"wp-image-4639\" srcset=\"http:\/\/www.htg.tartu.ee\/miilang\/wp-content\/uploads\/2023\/12\/C19-klassipusa-Foto_-Grete-Toniste-768x1024.jpg 768w, http:\/\/www.htg.tartu.ee\/miilang\/wp-content\/uploads\/2023\/12\/C19-klassipusa-Foto_-Grete-Toniste-225x300.jpg 225w, http:\/\/www.htg.tartu.ee\/miilang\/wp-content\/uploads\/2023\/12\/C19-klassipusa-Foto_-Grete-Toniste-1152x1536.jpg 1152w, http:\/\/www.htg.tartu.ee\/miilang\/wp-content\/uploads\/2023\/12\/C19-klassipusa-Foto_-Grete-Toniste.jpg 1344w\" sizes=\"(max-width: 768px) 100vw, 768px\" \/><\/a><figcaption class=\"wp-element-caption\">Foto: Grete T\u00f5niste<\/figcaption><\/figure>\n<\/figure>\n\n\n\n<p>Loodetavasti inspireerib see uurimus nii praeguseid kui ka tulevasi Treffneri kooli lende j\u00e4tkama klassipusade traditsiooniga, mille teeb eriliseks just \u00f5pilaste omaalgatus, sisenaljad ja \u00fchtsuse n\u00e4itamine.<\/p>\n","protected":false},"excerpt":{"rendered":"<p>Klassipusad on imeline v\u00f5imalus klassi erip\u00e4ra ja \u00fchtsuse n\u00e4itamiseks. Koolis v\u00f5ime  neid kohata suurel hulgal ning kirjus valikus. Kas me aga teame, kust said klassipusad alguse ja mis on iga pusa disaini m\u00f5te?<\/p>\n","protected":false},"author":194,"featured_media":4602,"comment_status":"open","ping_status":"open","sticky":false,"template":"","format":"standard","meta":{"_monsterinsights_skip_tracking":false,"_monsterinsights_sitenote_active":false,"_monsterinsights_sitenote_note":"","_monsterinsights_sitenote_category":0,"footnotes":""},"categories":[394],"tags":[],"coauthors":[392],"acf":[],"_links":{"self":[{"href":"http:\/\/www.htg.tartu.ee\/miilang\/wp-json\/wp\/v2\/posts\/4575"}],"collection":[{"href":"http:\/\/www.htg.tartu.ee\/miilang\/wp-json\/wp\/v2\/posts"}],"about":[{"href":"http:\/\/www.htg.tartu.ee\/miilang\/wp-json\/wp\/v2\/types\/post"}],"author":[{"embeddable":true,"href":"http:\/\/www.htg.tartu.ee\/miilang\/wp-json\/wp\/v2\/users\/194"}],"replies":[{"embeddable":true,"href":"http:\/\/www.htg.tartu.ee\/miilang\/wp-json\/wp\/v2\/comments?post=4575"}],"version-history":[{"count":25,"href":"http:\/\/www.htg.tartu.ee\/miilang\/wp-json\/wp\/v2\/posts\/4575\/revisions"}],"predecessor-version":[{"id":4657,"href":"http:\/\/www.htg.tartu.ee\/miilang\/wp-json\/wp\/v2\/posts\/4575\/revisions\/4657"}],"wp:featuredmedia":[{"embeddable":true,"href":"http:\/\/www.htg.tartu.ee\/miilang\/wp-json\/wp\/v2\/media\/4602"}],"wp:attachment":[{"href":"http:\/\/www.htg.tartu.ee\/miilang\/wp-json\/wp\/v2\/media?parent=4575"}],"wp:term":[{"taxonomy":"category","embeddable":true,"href":"http:\/\/www.htg.tartu.ee\/miilang\/wp-json\/wp\/v2\/categories?post=4575"},{"taxonomy":"post_tag","embeddable":true,"href":"http:\/\/www.htg.tartu.ee\/miilang\/wp-json\/wp\/v2\/tags?post=4575"},{"taxonomy":"author","embeddable":true,"href":"http:\/\/www.htg.tartu.ee\/miilang\/wp-json\/wp\/v2\/coauthors?post=4575"}],"curies":[{"name":"wp","href":"https:\/\/api.w.org\/{rel}","templated":true}]}}