{"id":4425,"date":"2023-10-24T20:06:38","date_gmt":"2023-10-24T17:06:38","guid":{"rendered":"https:\/\/www.htg.tartu.ee\/miilang\/?p=4425"},"modified":"2023-10-24T20:06:39","modified_gmt":"2023-10-24T17:06:39","slug":"salaparane-uustulnuk-anne-ly-lehtla-tutvustab-end-maailmale","status":"publish","type":"post","link":"http:\/\/www.htg.tartu.ee\/miilang\/2023\/oktoober-2023\/salaparane-uustulnuk-anne-ly-lehtla-tutvustab-end-maailmale\/","title":{"rendered":"Salap\u00e4rane uustulnuk Anne-Ly Lehtla tutvustab end maailmale"},"content":{"rendered":"<div class=\"wp-block-image\">\n<figure class=\"aligncenter size-large is-resized\"><a href=\"https:\/\/www.htg.tartu.ee\/miilang\/wp-content\/uploads\/2023\/10\/Anne-Ly-Lehtla-fotograaf-Rebeka-Raid-scaled.jpg\"><img decoding=\"async\" loading=\"lazy\" src=\"https:\/\/www.htg.tartu.ee\/miilang\/wp-content\/uploads\/2023\/10\/Anne-Ly-Lehtla-fotograaf-Rebeka-Raid-1024x768.jpg\" alt=\"\" class=\"wp-image-4427\" style=\"width:597px;height:448px\" width=\"597\" height=\"448\" srcset=\"http:\/\/www.htg.tartu.ee\/miilang\/wp-content\/uploads\/2023\/10\/Anne-Ly-Lehtla-fotograaf-Rebeka-Raid-1024x768.jpg 1024w, http:\/\/www.htg.tartu.ee\/miilang\/wp-content\/uploads\/2023\/10\/Anne-Ly-Lehtla-fotograaf-Rebeka-Raid-300x225.jpg 300w, http:\/\/www.htg.tartu.ee\/miilang\/wp-content\/uploads\/2023\/10\/Anne-Ly-Lehtla-fotograaf-Rebeka-Raid-768x576.jpg 768w, http:\/\/www.htg.tartu.ee\/miilang\/wp-content\/uploads\/2023\/10\/Anne-Ly-Lehtla-fotograaf-Rebeka-Raid-1536x1152.jpg 1536w, http:\/\/www.htg.tartu.ee\/miilang\/wp-content\/uploads\/2023\/10\/Anne-Ly-Lehtla-fotograaf-Rebeka-Raid-2048x1536.jpg 2048w, http:\/\/www.htg.tartu.ee\/miilang\/wp-content\/uploads\/2023\/10\/Anne-Ly-Lehtla-fotograaf-Rebeka-Raid-520x390.jpg 520w, http:\/\/www.htg.tartu.ee\/miilang\/wp-content\/uploads\/2023\/10\/Anne-Ly-Lehtla-fotograaf-Rebeka-Raid-200x150.jpg 200w\" sizes=\"(max-width: 597px) 100vw, 597px\" \/><\/a><figcaption class=\"wp-element-caption\"><strong>Anne-Ly Lehtla<\/strong><br>Foto: Rebeka Raid<\/figcaption><\/figure><\/div>\n\n\n<p><\/p>\n\n\n\n<p><strong>Olete hetkel kirjanduse ja eesti keele \u00f5petaja. Mille j\u00e4rgi valisite, mis \u00f5ppeainet \u00f5petada?<\/strong><\/p>\n\n\n\n<p>Treffneris \u00f5petan eesti keelt ja kirjandust, aga olen pikalt \u00f5petanud ka Hispaania ja hispaania keelega seotud aineid. L\u00e4ksin \u00fclikooli kirjandusteooriat \u00f5ppima, sest mulle v\u00e4ga meeldis kirjandus, meeldis lugeda. Samal ajal hakkasin \u00f5ppima ka hispaania keelt. Huvi Hispaania vastu v\u00f5is alguse saada umbes 15-16-aastaselt, kui k\u00e4isin Viljandi p\u00e4rimusmuusika festivalil kuulamas \u00fcht suurep\u00e4rast flamenkokitarristi. Kontsert j\u00e4ttis mulle v\u00e4ga s\u00fcgava mulje ja flamenkot armastan siiani.<\/p>\n\n\n\n<p><br><\/p>\n\n\n\n<p><strong>Miks valisite just HTG\u00a0 ning kus varem \u00f5petanud olete?<\/strong><\/p>\n\n\n\n<p>Treffnerisse sattusin juhuse tahtel. Varem \u00f5petasin pikemalt Elva G\u00fcmnaasiumis ning enne seda ka Tallinna ja Tartu \u00dclikoolis. Praegu annan veel valikaineid Jaan Poska G\u00fcmnaasiumis.<\/p>\n\n\n\n<p><br><\/p>\n\n\n\n<p><strong>Mis on k\u00f5ige ebameeldivam osa \u00f5petaja ametis?<\/strong><\/p>\n\n\n\n<p>Minu jaoks on sellele vastamine lihtne: k\u00f5ige t\u00fc\u00fctum on t\u00f6\u00f6de parandamine. See on v\u00e4ga ajamahukas ja aega oleks alati juurde vaja, samas on kirjanduslike t\u00f6\u00f6de lugemine huvitav.<\/p>\n\n\n\n<p><br><\/p>\n\n\n\n<p><strong>Milline on Teie lemmikkohv?<\/strong><\/p>\n\n\n\n<p>Piimakohv v\u00e4hese suhkruga on minu praegune lemmik, kuid vahepeal meeldis mulle v\u00e4ga <em>caff\u00e8 latte<\/em>. Ma olen suhteliselt palju kohvi joonud ning \u00fcritan seda v\u00e4hem teha. Joon \u00fcks-kaks tassi p\u00e4evas, millest esimene on kindlasti hommikul &#8211; mulle meeldib kohviga \u00e4rgata. Kodune hommikukohv on k\u00f5ige t\u00e4htsam.<em> <\/em>Muide, ma saan kohe aru, kui olen haige, sest siis kaotab kohv oma v\u00f5lu.<\/p>\n\n\n\n<p><br><\/p>\n\n\n\n<p><strong>Mida armastate teha suvepuhkusel?<\/strong><\/p>\n\n\n\n<p>Suvel meeldib mulle ujuda, jalgrattaga s\u00f5ita, s\u00f5pradega aega veeta &#8211; m\u00f5nes m\u00f5ttes justkui lapsep\u00f5lve koolivaheajal. Mulle meeldib olla vabalt ilma kindla p\u00e4evakavata. \u00d5petajaamet on suvepuhkuse poolest ideaalne.<\/p>\n\n\n\n<p><br><\/p>\n\n\n\n<p><strong>Kas Teil on olnud momenti, kui olite sunnitud tunnist lahkuma?<\/strong><\/p>\n\n\n\n<p>Seda on juhtunud paar korda 7.-9. klassi \u00f5pilastega.<\/p>\n\n\n\n<p><br><\/p>\n\n\n\n<p><strong>Milline \u00f5pilane olite oma koolip\u00f5lves?<\/strong><\/p>\n\n\n\n<p>Olin \u00fclivaikne ja tagasihoidlik, eriti p\u00f5hikoolis. Samuti ei julgenud ma enda arvamust klassi ees avaldada ning tundsin piinlikkust, kui \u00f5petaja minu kirjandeid ette luges. Ma julgustaksin \u00f5pilasi enda arvamusi ja m\u00f5tteid jagama.<\/p>\n\n\n\n<p><br><\/p>\n\n\n\n<p><strong>Kuidas suhtute endasarnastesse \u00f5pilastesse?<\/strong><\/p>\n\n\n\n<p>Ma \u00fcritan ikka v\u00f5tta k\u00f5iki \u00f5pilasi \u00fchte moodi. Ise proovin \u00f5petajana leida erinevaid viise, et luua klassis \u00f5hkkond, kus k\u00f5ik julgevad r\u00e4\u00e4kida.<\/p>\n\n\n\n<p><br><\/p>\n\n\n\n<p><strong>Millised \u00f5pilased toovad Teile k\u00f5ige rohkem r\u00f5\u00f5mu ning millised mitte?<\/strong><\/p>\n\n\n\n<p>Mulle ei meeldi n\u00e4iteks l\u00e4rm, mille t\u00f5ttu pole teistel v\u00f5imalik \u00f5ppida. Selge on see, et k\u00f5igil pole eesti keel ja kirjandus lemmikained, kuid see ei vabanda teiste segamist. T\u00e4htis on anda endast tunnis maksimum ning olla kohal ja kaasa m\u00f5elda.<\/p>\n\n\n\n<p><br><\/p>\n\n\n\n<p><strong>Kuidas v\u00f5rdleksite treffneriste teiste koolide \u00f5pilastega?<\/strong><\/p>\n\n\n\n<p>K\u00f5ik \u00f5pilased tunduvad siin v\u00e4ga\u00a0 s\u00f5bralikud, viisakad ja toredad. Ainult suurte klassidega on vaja veel harjuda.<\/p>\n\n\n\n<p><br><\/p>\n\n\n\n<p><strong>Kes oli Teie koolip\u00f5lve k\u00f5ige silmapaistvam \u00f5petaja?<\/strong><\/p>\n\n\n\n<p>Legendaarne kirjanduse \u00f5petaja Reet Sinimaa. Ta oli niiv\u00f5rd soe ja professionaalne, et tegi aine selgeks ka \u00f5pilastele, kelle jaoks see oli raske. Mul on kahju, et ma ei m\u00e4leta rohkem tema \u00f5petamisnippe. Tuleb meelde n\u00e4iteks see, et ta nimetas r\u00fchmat\u00f6id kollokviumideks. Ta sai vaid paari lihtsa k\u00fcsimusega aru, kas \u00f5pilane valdas teemat v\u00f5i mitte.<\/p>\n\n\n\n<p><br><\/p>\n\n\n\n<p><strong>Kas olete hommikuse konjakijoomise maha j\u00e4tnud?<\/strong><\/p>\n\n\n\n<p>Saan vastata, et ei joo konjakit (tegelikult ka). Ma pigem naeran ja \u00fctlen, et see on hea k\u00fcsimus.<\/p>\n","protected":false},"excerpt":{"rendered":"<p>Miilang vestles uue \u00f5petaja Anne-Ly Lehtlaga. Intervjuud saad lugeda siit&#8230;<\/p>\n","protected":false},"author":194,"featured_media":4427,"comment_status":"open","ping_status":"open","sticky":false,"template":"","format":"standard","meta":{"_monsterinsights_skip_tracking":false,"_monsterinsights_sitenote_active":false,"_monsterinsights_sitenote_note":"","_monsterinsights_sitenote_category":0,"footnotes":""},"categories":[380],"tags":[47],"coauthors":[392,393],"acf":[],"_links":{"self":[{"href":"http:\/\/www.htg.tartu.ee\/miilang\/wp-json\/wp\/v2\/posts\/4425"}],"collection":[{"href":"http:\/\/www.htg.tartu.ee\/miilang\/wp-json\/wp\/v2\/posts"}],"about":[{"href":"http:\/\/www.htg.tartu.ee\/miilang\/wp-json\/wp\/v2\/types\/post"}],"author":[{"embeddable":true,"href":"http:\/\/www.htg.tartu.ee\/miilang\/wp-json\/wp\/v2\/users\/194"}],"replies":[{"embeddable":true,"href":"http:\/\/www.htg.tartu.ee\/miilang\/wp-json\/wp\/v2\/comments?post=4425"}],"version-history":[{"count":2,"href":"http:\/\/www.htg.tartu.ee\/miilang\/wp-json\/wp\/v2\/posts\/4425\/revisions"}],"predecessor-version":[{"id":4429,"href":"http:\/\/www.htg.tartu.ee\/miilang\/wp-json\/wp\/v2\/posts\/4425\/revisions\/4429"}],"wp:featuredmedia":[{"embeddable":true,"href":"http:\/\/www.htg.tartu.ee\/miilang\/wp-json\/wp\/v2\/media\/4427"}],"wp:attachment":[{"href":"http:\/\/www.htg.tartu.ee\/miilang\/wp-json\/wp\/v2\/media?parent=4425"}],"wp:term":[{"taxonomy":"category","embeddable":true,"href":"http:\/\/www.htg.tartu.ee\/miilang\/wp-json\/wp\/v2\/categories?post=4425"},{"taxonomy":"post_tag","embeddable":true,"href":"http:\/\/www.htg.tartu.ee\/miilang\/wp-json\/wp\/v2\/tags?post=4425"},{"taxonomy":"author","embeddable":true,"href":"http:\/\/www.htg.tartu.ee\/miilang\/wp-json\/wp\/v2\/coauthors?post=4425"}],"curies":[{"name":"wp","href":"https:\/\/api.w.org\/{rel}","templated":true}]}}