{"id":431,"date":"2012-02-21T17:53:36","date_gmt":"2012-02-21T17:53:36","guid":{"rendered":"http:\/\/www.htg.tartu.ee\/miilang\/?p=431"},"modified":"2012-04-28T18:48:34","modified_gmt":"2012-04-28T18:48:34","slug":"minust-jaab-maha-%e2%80%9ekevade-aga-mis-sinust","status":"publish","type":"post","link":"http:\/\/www.htg.tartu.ee\/miilang\/2012\/veebruar2012\/minust-jaab-maha-%e2%80%9ekevade-aga-mis-sinust\/","title":{"rendered":"Minust j\u00e4\u00e4b maha \u201eKevade\u201c, aga mis Sinust?!"},"content":{"rendered":"<p><strong>Tammsaare p\u00e4eval k\u00e4is Lutsu aasta puhul \u00f5pilastele kirjanikust l\u00e4hemalt jutustamas Oskar Lutsu majamuuseumi kuraator Liivi Rosenvald.<\/strong><\/p>\n<div id=\"attachment_441\" style=\"width: 594px\" class=\"wp-caption alignnone\"><a href=\"http:\/\/www.htg.tartu.ee\/miilang\/wp-content\/uploads\/2012\/02\/Kirjanik_raamatuga.jpg\"><img aria-describedby=\"caption-attachment-441\" decoding=\"async\" loading=\"lazy\" class=\"size-large wp-image-441\" title=\"Oskar Luts umbes 40-aastasena: Meie armastatud kirjanik oli alati pigem k\u00f5rvaltvaataja ning avaldas siis oma m\u00f5tted kaante vahel\" src=\"http:\/\/www.htg.tartu.ee\/miilang\/wp-content\/uploads\/2012\/02\/Kirjanik_raamatuga-814x1024.jpg\" alt=\"\" width=\"584\" height=\"734\" srcset=\"http:\/\/www.htg.tartu.ee\/miilang\/wp-content\/uploads\/2012\/02\/Kirjanik_raamatuga-814x1024.jpg 814w, http:\/\/www.htg.tartu.ee\/miilang\/wp-content\/uploads\/2012\/02\/Kirjanik_raamatuga-238x300.jpg 238w, http:\/\/www.htg.tartu.ee\/miilang\/wp-content\/uploads\/2012\/02\/Kirjanik_raamatuga.jpg 1216w\" sizes=\"(max-width: 584px) 100vw, 584px\" \/><\/a><p id=\"caption-attachment-441\" class=\"wp-caption-text\">Oskar Luts umbes 40-aastasena: Meie armastatud kirjanik oli alati pigem k\u00f5rvaltvaataja ning avaldas siis oma m\u00f5tted kaante vahel (Foto: ERR)<\/p><\/div>\n<p>Sada aastat on kevadel m\u00f6\u00f6dumas sellest, kui kahek\u00fcmne viie aastane Luts sai siitsamast l\u00e4hedalt, R\u00fc\u00fctli 2 asuvast \u201eNoor Eesti\u201c kirjastusest jah-s\u00f5na \u201eKevade\u201c kirjastamiseks. \u201eKevade\u201c, mille esmatr\u00fckk maksis tollal 10 kopikat, v\u00f5rdus k\u00fcmne kilogrammi leivaga. Ja selgub, et leidus palju eestlasi, kes eelistasid leivale head eesti<br \/>\nlugu, sest mis muu ta siis oli, kui eelk\u00f5ige eestlaste raamat! Isegi vahetuv v\u00f5im ei suutnud<br \/>\nLutsu veenda teost punaseks \u00fcmber kirjutama. \u201eKevade\u201c ta oli ja \u201eKevadeks\u201c ta j\u00e4i.<\/p>\n<h1>Vaikne geenius<\/h1>\n<p>Luts, olles \u201eKevade\u201c tr\u00fckkimise ajaks j\u00f5udnud juba kodanike tajudesse sillutada v\u00e4ikese\u00a0raja Postimehes ilmunud luuletuste abil ning hiljem P\u00e4evalehes ilmunud t\u00f5lke kaudu,\u00a0oli tavaelus olnud vaikne ning\u00a0armastanud vaikust. Seet\u00f5ttu\u00a0leidsid suuremad kirjanduslikud ettev\u00f5tmised aset pigem\u00a0\u00f6\u00f6h\u00e4maruses kui p\u00e4evavalgel.\u00a0L\u00f5unaajal k\u00e4is Luts kohvikutes ning suhtles tolleaegse haritlasrahvaga.<\/p>\n<h1>Humoorikas hull<\/h1>\n<p>Oskar, olles Eesti \u00fcheks esimeseks nii-\u00f6elda l\u00e4bi \u201euumuriprisma\u201c kirjutajaks, olevat ise v\u00e4he avalikult naernud. Naernud ja nutnud olevat ta salaja ja vaikselt enda ette. Seet\u00f5ttu kahtles ta abikaasa ka mehe mentaalses stabiilsuses, aga v\u00f5ib-olla ongi hullus \u00fcks geniaalsuse esinemisvorme?<\/p>\n<p>Samas fakt, et Luts v\u00e4he naeris, ei v\u00e4listanud seda, et ta nalja teha ei m\u00f5istnud. M\u00f5istis ja kuidas veel! P\u00f5dedes\u00a0v\u00e4hki, olevat ta \u00f6elnud, et\u00a0tema ei ole mitte Oskar Luts,\u00a0vaid Oskar\u00a0V\u00e4hk. Ning haigevoodis lamades olevat\u00a0h\u00e4rralt k\u00fcsitud, kuidas l\u00e4heb. Luts vastanud: \u201eL\u00e4heb nagu l\u00fckkad, aga alati viltu!\u201d<\/p>\n<p>Sada kaksk\u00fcmmend viis aastat on m\u00f6\u00f6das Oskar Lutsu s\u00fcnnist. Tootsi, Arno ja Teele isa, seemne istutaja s\u00fcnnist. Lilled. Heinamaa. P\u00e4ikesepaiste.\u00a0Kevadeni!<\/p>\n<div id=\"attachment_440\" style=\"width: 594px\" class=\"wp-caption alignnone\"><a href=\"http:\/\/www.htg.tartu.ee\/miilang\/wp-content\/uploads\/2012\/02\/KEVAD-Oskar-luts.jpg\"><img aria-describedby=\"caption-attachment-440\" decoding=\"async\" loading=\"lazy\" class=\"size-large wp-image-440\" title=\"Ait\u00e4h sulle, Oskar: Kirjutasid Tootsi ja Arno tulevaste p\u00f5lvede m\u00e4llu igaveseks!\" src=\"http:\/\/www.htg.tartu.ee\/miilang\/wp-content\/uploads\/2012\/02\/KEVAD-Oskar-luts-1024x765.jpg\" alt=\"\" width=\"584\" height=\"436\" srcset=\"http:\/\/www.htg.tartu.ee\/miilang\/wp-content\/uploads\/2012\/02\/KEVAD-Oskar-luts-1024x765.jpg 1024w, http:\/\/www.htg.tartu.ee\/miilang\/wp-content\/uploads\/2012\/02\/KEVAD-Oskar-luts-300x224.jpg 300w, http:\/\/www.htg.tartu.ee\/miilang\/wp-content\/uploads\/2012\/02\/KEVAD-Oskar-luts-200x150.jpg 200w, http:\/\/www.htg.tartu.ee\/miilang\/wp-content\/uploads\/2012\/02\/KEVAD-Oskar-luts.jpg 2000w\" sizes=\"(max-width: 584px) 100vw, 584px\" \/><\/a><p id=\"caption-attachment-440\" class=\"wp-caption-text\">Ait\u00e4h sulle, Oskar: Kirjutasid Tootsi ja Arno tulevaste p\u00f5lvede m\u00e4llu igaveseks! (Foto: ERR)<\/p><\/div>\n","protected":false},"excerpt":{"rendered":"<p>Tammsaare p\u00e4eval k\u00e4is Lutsu aasta puhul \u00f5pilastele kirjanikust l\u00e4hemalt jutustamas Oskar Lutsu majamuuseumi kuraator Liivi Rosenvald. Sada aastat on kevadel m\u00f6\u00f6dumas sellest, kui kahek\u00fcmne viie aastane Luts sai siitsamast l\u00e4hedalt, R\u00fc\u00fctli 2 asuvast \u201eNoor Eesti\u201c kirjastusest jah-s\u00f5na \u201eKevade\u201c kirjastamiseks. \u201eKevade\u201c, mille esmatr\u00fckk maksis tollal 10 kopikat, v\u00f5rdus k\u00fcmne kilogrammi leivaga&#8230;.<\/p>\n","protected":false},"author":156,"featured_media":440,"comment_status":"open","ping_status":"open","sticky":false,"template":"","format":"standard","meta":{"_monsterinsights_skip_tracking":false,"_monsterinsights_sitenote_active":false,"_monsterinsights_sitenote_note":"","_monsterinsights_sitenote_category":0,"footnotes":""},"categories":[39],"tags":[],"coauthors":[],"acf":[],"_links":{"self":[{"href":"http:\/\/www.htg.tartu.ee\/miilang\/wp-json\/wp\/v2\/posts\/431"}],"collection":[{"href":"http:\/\/www.htg.tartu.ee\/miilang\/wp-json\/wp\/v2\/posts"}],"about":[{"href":"http:\/\/www.htg.tartu.ee\/miilang\/wp-json\/wp\/v2\/types\/post"}],"author":[{"embeddable":true,"href":"http:\/\/www.htg.tartu.ee\/miilang\/wp-json\/wp\/v2\/users\/156"}],"replies":[{"embeddable":true,"href":"http:\/\/www.htg.tartu.ee\/miilang\/wp-json\/wp\/v2\/comments?post=431"}],"version-history":[{"count":6,"href":"http:\/\/www.htg.tartu.ee\/miilang\/wp-json\/wp\/v2\/posts\/431\/revisions"}],"predecessor-version":[{"id":562,"href":"http:\/\/www.htg.tartu.ee\/miilang\/wp-json\/wp\/v2\/posts\/431\/revisions\/562"}],"wp:featuredmedia":[{"embeddable":true,"href":"http:\/\/www.htg.tartu.ee\/miilang\/wp-json\/wp\/v2\/media\/440"}],"wp:attachment":[{"href":"http:\/\/www.htg.tartu.ee\/miilang\/wp-json\/wp\/v2\/media?parent=431"}],"wp:term":[{"taxonomy":"category","embeddable":true,"href":"http:\/\/www.htg.tartu.ee\/miilang\/wp-json\/wp\/v2\/categories?post=431"},{"taxonomy":"post_tag","embeddable":true,"href":"http:\/\/www.htg.tartu.ee\/miilang\/wp-json\/wp\/v2\/tags?post=431"},{"taxonomy":"author","embeddable":true,"href":"http:\/\/www.htg.tartu.ee\/miilang\/wp-json\/wp\/v2\/coauthors?post=431"}],"curies":[{"name":"wp","href":"https:\/\/api.w.org\/{rel}","templated":true}]}}