{"id":3958,"date":"2023-03-30T21:24:26","date_gmt":"2023-03-30T18:24:26","guid":{"rendered":"https:\/\/www.htg.tartu.ee\/miilang\/?p=3958"},"modified":"2023-03-30T22:48:36","modified_gmt":"2023-03-30T19:48:36","slug":"utle-uks-ilus-poisslapse-nimi","status":"publish","type":"post","link":"http:\/\/www.htg.tartu.ee\/miilang\/2023\/aprill-2023\/utle-uks-ilus-poisslapse-nimi\/","title":{"rendered":"\u00dctle \u00fcks ilus poisslapse nimi!&nbsp;"},"content":{"rendered":"\n<p>Hugo Treffneri G\u00fcmnaasiumi huvijuhi \u00f5p Uve Saare tungival soovitusel v\u00f5eti esimesel j\u00fcrikuu p\u00e4eval riigikogus menetlusse seaduseeln\u00f5u, mis j\u00f5ustumise korral kohustab k\u00f5iki Treffneri g\u00fcmnaasiumi vilistlasi panema oma esiklapsele nimeks Hugo. K\u00f5nealuse nime peab lapsele panema s\u00f5ltumata tema soost. K\u00fcll aga on lubatud Hugo k\u00f5rval lisanimed, tingimusel, et Hugo j\u00e4\u00e4b &nbsp;j\u00e4rjekorras esimeseks. Esialgsetel andmetel ei puuduta uus kord j\u00f5ustumise hetkeks juba s\u00fcndinud lapsi.&nbsp;<\/p>\n\n\n\n<p>HTG \u00f5pilaskogu on seaduseeln\u00f5uga kuuldavasti tuttav \u2013 kooli&nbsp; juhtkonnale on tehtud ettepanek uue nimekorra alusel nimetatud lapsed eelisj\u00e4rjekorras kooli vastu v\u00f5tta. Seni ei ole Miilangul kahjuks \u00f5nnestunud \u00fcheltki osapoolelt t\u00e4psemat kommentaari saada.<\/p>\n\n\n\n<figure class=\"wp-block-image size-full\"><a href=\"https:\/\/www.htg.tartu.ee\/miilang\/wp-content\/uploads\/2023\/03\/maternity-ward_LOC-transformed.png\"><img decoding=\"async\" loading=\"lazy\" width=\"884\" height=\"553\" src=\"https:\/\/www.htg.tartu.ee\/miilang\/wp-content\/uploads\/2023\/03\/maternity-ward_LOC-transformed-edited.png\" alt=\"\" class=\"wp-image-3962\" srcset=\"http:\/\/www.htg.tartu.ee\/miilang\/wp-content\/uploads\/2023\/03\/maternity-ward_LOC-transformed-edited.png 884w, http:\/\/www.htg.tartu.ee\/miilang\/wp-content\/uploads\/2023\/03\/maternity-ward_LOC-transformed-edited-300x188.png 300w, http:\/\/www.htg.tartu.ee\/miilang\/wp-content\/uploads\/2023\/03\/maternity-ward_LOC-transformed-edited-768x480.png 768w\" sizes=\"(max-width: 884px) 100vw, 884px\" \/><\/a><figcaption class=\"wp-element-caption\">Tulevased Hugo-Aimed ja Hugo-Otid, ootame teid avas\u00fcli meie kooli!<\/figcaption><\/figure>\n\n\n\n<p>Pildi allikas: <a rel=\"noreferrer noopener\" href=\"https:\/\/www.google.com\/url?q=https:\/\/nursingclio.org\/2018\/04\/26\/hospital-confinement-from-the-19th-century-to-the-21st\/&amp;sa=D&amp;source=docs&amp;ust=1680201164236479&amp;usg=AOvVaw2L6cNZoydHui1e24QVQuWK\" target=\"_blank\">https:\/\/nursingclio.org\/2018\/04\/26\/hospital-confinement-from-the-19th-century-to-the-21st\/<\/a><\/p>\n","protected":false},"excerpt":{"rendered":"<p>Hugo Treffneri G\u00fcmnaasiumi huvijuhi \u00f5p Uve Saare tungival soovitusel v\u00f5eti esimesel j\u00fcrikuu p\u00e4eval riigikogus menetlusse seaduseeln\u00f5u, mis j\u00f5ustumise korral kohustab k\u00f5iki Treffneri g\u00fcmnaasiumi vilistlasi panema oma esiklapsele nimeks Hugo. K\u00f5nealuse nime peab lapsele panema s\u00f5ltumata tema soost. K\u00fcll aga on lubatud Hugo k\u00f5rval lisanimed, tingimusel, et Hugo j\u00e4\u00e4b &nbsp;j\u00e4rjekorras esimeseks&#8230;.<\/p>\n","protected":false},"author":171,"featured_media":3961,"comment_status":"open","ping_status":"open","sticky":false,"template":"","format":"standard","meta":{"_monsterinsights_skip_tracking":false,"_monsterinsights_sitenote_active":false,"_monsterinsights_sitenote_note":"","_monsterinsights_sitenote_category":0,"footnotes":""},"categories":[371],"tags":[],"coauthors":[326],"acf":[],"_links":{"self":[{"href":"http:\/\/www.htg.tartu.ee\/miilang\/wp-json\/wp\/v2\/posts\/3958"}],"collection":[{"href":"http:\/\/www.htg.tartu.ee\/miilang\/wp-json\/wp\/v2\/posts"}],"about":[{"href":"http:\/\/www.htg.tartu.ee\/miilang\/wp-json\/wp\/v2\/types\/post"}],"author":[{"embeddable":true,"href":"http:\/\/www.htg.tartu.ee\/miilang\/wp-json\/wp\/v2\/users\/171"}],"replies":[{"embeddable":true,"href":"http:\/\/www.htg.tartu.ee\/miilang\/wp-json\/wp\/v2\/comments?post=3958"}],"version-history":[{"count":2,"href":"http:\/\/www.htg.tartu.ee\/miilang\/wp-json\/wp\/v2\/posts\/3958\/revisions"}],"predecessor-version":[{"id":3975,"href":"http:\/\/www.htg.tartu.ee\/miilang\/wp-json\/wp\/v2\/posts\/3958\/revisions\/3975"}],"wp:featuredmedia":[{"embeddable":true,"href":"http:\/\/www.htg.tartu.ee\/miilang\/wp-json\/wp\/v2\/media\/3961"}],"wp:attachment":[{"href":"http:\/\/www.htg.tartu.ee\/miilang\/wp-json\/wp\/v2\/media?parent=3958"}],"wp:term":[{"taxonomy":"category","embeddable":true,"href":"http:\/\/www.htg.tartu.ee\/miilang\/wp-json\/wp\/v2\/categories?post=3958"},{"taxonomy":"post_tag","embeddable":true,"href":"http:\/\/www.htg.tartu.ee\/miilang\/wp-json\/wp\/v2\/tags?post=3958"},{"taxonomy":"author","embeddable":true,"href":"http:\/\/www.htg.tartu.ee\/miilang\/wp-json\/wp\/v2\/coauthors?post=3958"}],"curies":[{"name":"wp","href":"https:\/\/api.w.org\/{rel}","templated":true}]}}