{"id":3887,"date":"2023-03-08T16:46:34","date_gmt":"2023-03-08T13:46:34","guid":{"rendered":"https:\/\/www.htg.tartu.ee\/miilang\/?p=3887"},"modified":"2023-05-13T18:29:18","modified_gmt":"2023-05-13T15:29:18","slug":"opetajate-tsitaadid-4","status":"publish","type":"post","link":"http:\/\/www.htg.tartu.ee\/miilang\/2023\/marts-2023\/opetajate-tsitaadid-4\/","title":{"rendered":"\u00d5petajate tsitaadid"},"content":{"rendered":"\n<figure class=\"wp-block-image size-full is-resized\"><a href=\"https:\/\/www.htg.tartu.ee\/miilang\/wp-content\/uploads\/2023\/01\/Opetajate-tsitaadid-logo_uus2.png\"><img decoding=\"async\" loading=\"lazy\" src=\"https:\/\/www.htg.tartu.ee\/miilang\/wp-content\/uploads\/2023\/01\/Opetajate-tsitaadid-logo_uus2.png\" alt=\"\" class=\"wp-image-3440\" width=\"409\" height=\"42\" srcset=\"http:\/\/www.htg.tartu.ee\/miilang\/wp-content\/uploads\/2023\/01\/Opetajate-tsitaadid-logo_uus2.png 13653w, http:\/\/www.htg.tartu.ee\/miilang\/wp-content\/uploads\/2023\/01\/Opetajate-tsitaadid-logo_uus2-300x32.png 300w, http:\/\/www.htg.tartu.ee\/miilang\/wp-content\/uploads\/2023\/01\/Opetajate-tsitaadid-logo_uus2-1024x108.png 1024w, http:\/\/www.htg.tartu.ee\/miilang\/wp-content\/uploads\/2023\/01\/Opetajate-tsitaadid-logo_uus2-768x81.png 768w, http:\/\/www.htg.tartu.ee\/miilang\/wp-content\/uploads\/2023\/01\/Opetajate-tsitaadid-logo_uus2-1536x162.png 1536w, http:\/\/www.htg.tartu.ee\/miilang\/wp-content\/uploads\/2023\/01\/Opetajate-tsitaadid-logo_uus2-2048x216.png 2048w\" sizes=\"(max-width: 409px) 100vw, 409px\" \/><\/a><\/figure>\n\n\n\n<blockquote class=\"wp-block-quote\">\n<p>Kus kohas s\u00fcnnib Itaalia?<\/p>\n<cite>\u2014 Raimond Lepiste \u2014<\/cite><\/blockquote>\n\n\n\n<p><\/p>\n\n\n\n<blockquote class=\"wp-block-quote\">\n<p>Meie esivanemad b\u00e4ngisid neandertaallastega.<\/p>\n<cite>\u2014 Ott Maidre \u2014<\/cite><\/blockquote>\n\n\n\n<p><\/p>\n\n\n\n<blockquote class=\"wp-block-quote\">\n<p>\u017dukov ei vallutanud Berliini \u00fcksi: ta polnud<br>nagu Arnold Schwarzenegger, kes l\u00f5i jalaga<br>ukse maha ja automaadiga F\u00fchrerbunkri puhtaks l\u00f5i.<\/p>\n<cite>\u2014 Indrek Pajur \u2014<\/cite><\/blockquote>\n\n\n\n<p><\/p>\n\n\n\n<blockquote class=\"wp-block-quote\">\n<p>Me ei v\u00f5ta molekule kinni ja ei vaata nende<br>kiirust, sest me pole bioloogid, kes liblikaid vaatlevad.<\/p>\n<cite>\u2014 Agnes Vask \u2014<\/cite><\/blockquote>\n\n\n\n<p><\/p>\n\n\n\n<blockquote class=\"wp-block-quote\">\n<p>Eurooplased on ajalooliselt k\u00f5ik leiutised \u00fcle v\u00f5tnud. Aga see,<br>kuidas nad on \u00fcle v\u00f5tnud, on olnud parem. N\u00e4iteks hiinlased<br>leiutasid p\u00fcssirohu, eurooplased hakkasid sellega inimesi tapma.<\/p>\n<cite>\u2014 Indrek Pajur \u2014<\/cite><\/blockquote>\n\n\n\n<p><\/p>\n\n\n\n<blockquote class=\"wp-block-quote\">\n<p>Kuskil peab puid alla panema, et hoida end soojas.<\/p>\n<cite>\u2014 Ott Maidre \u00f5pilastele tehtud komentaaride kohta \u2014<\/cite><\/blockquote>\n\n\n\n<p><\/p>\n\n\n\n<blockquote class=\"wp-block-quote\">\n<p>Kui sa n\u00e4ed maali peal musklis meest,<br>kes l\u00f5vinahka kannab, siis see arvatavasti<br>on Herakles v\u00f5i Marco Tasane.<\/p>\n<cite>\u2014 Indrek Pajur \u2014<\/cite><\/blockquote>\n\n\n\n<p><\/p>\n\n\n\n<blockquote class=\"wp-block-quote\">\n<p>\u00c4rge kinkige mulle taimi, nad surevad \u00e4ra.<\/p>\n<cite>\u2014 Marcus Hildebrandt \u2014<\/cite><\/blockquote>\n\n\n\n<p><\/p>\n\n\n\n<blockquote class=\"wp-block-quote\">\n<p>Be quiet! Daddy is talking.<\/p>\n<cite>\u2014 Marcus Hildebrandt \u2014<\/cite><\/blockquote>\n\n\n\n<p><\/p>\n\n\n\n<blockquote class=\"wp-block-quote\">\n<p>Kui sa koopas magades ilmutust n\u00e4ed, siis pane see kirja,<br>sest sellest v\u00f5ib uus religioon saada.<\/p>\n<cite>\u2014 Indrek Pajur \u2014<\/cite><\/blockquote>\n\n\n\n<p><\/p>\n\n\n\n<blockquote class=\"wp-block-quote\">\n<p>Ma vaatasin natuke teie arvestusi.<br>Mu esimene reaktsioon oli, et polegi p\u00e4ris sitt.<\/p>\n<cite>\u2014 Agnes Vask \u2014<\/cite><\/blockquote>\n\n\n\n<p><\/p>\n\n\n\n<blockquote class=\"wp-block-quote\">\n<p>P\u00f5ld ei jookse su eest \u00e4ra, see j\u00e4\u00e4b paigale.<\/p>\n<cite>\u2014 Indrek Pajur \u2014<\/cite><\/blockquote>\n\n\n\n<p><br><\/p>\n","protected":false},"excerpt":{"rendered":"<p>\u201eMeie esivanemad b\u00e4ngisid neandertaallastega.\u201c<\/p>\n<p> \u2014 Ott Maidre \u2014<\/p>\n<p>Loe veel \u00f5petajate vaimukaid \u00fctlemisi&#8230;<\/p>\n","protected":false},"author":165,"featured_media":3444,"comment_status":"open","ping_status":"open","sticky":false,"template":"","format":"standard","meta":{"_monsterinsights_skip_tracking":false,"_monsterinsights_sitenote_active":false,"_monsterinsights_sitenote_note":"","_monsterinsights_sitenote_category":0,"footnotes":""},"categories":[362],"tags":[349,368],"coauthors":[320],"acf":[],"_links":{"self":[{"href":"http:\/\/www.htg.tartu.ee\/miilang\/wp-json\/wp\/v2\/posts\/3887"}],"collection":[{"href":"http:\/\/www.htg.tartu.ee\/miilang\/wp-json\/wp\/v2\/posts"}],"about":[{"href":"http:\/\/www.htg.tartu.ee\/miilang\/wp-json\/wp\/v2\/types\/post"}],"author":[{"embeddable":true,"href":"http:\/\/www.htg.tartu.ee\/miilang\/wp-json\/wp\/v2\/users\/165"}],"replies":[{"embeddable":true,"href":"http:\/\/www.htg.tartu.ee\/miilang\/wp-json\/wp\/v2\/comments?post=3887"}],"version-history":[{"count":7,"href":"http:\/\/www.htg.tartu.ee\/miilang\/wp-json\/wp\/v2\/posts\/3887\/revisions"}],"predecessor-version":[{"id":3987,"href":"http:\/\/www.htg.tartu.ee\/miilang\/wp-json\/wp\/v2\/posts\/3887\/revisions\/3987"}],"wp:featuredmedia":[{"embeddable":true,"href":"http:\/\/www.htg.tartu.ee\/miilang\/wp-json\/wp\/v2\/media\/3444"}],"wp:attachment":[{"href":"http:\/\/www.htg.tartu.ee\/miilang\/wp-json\/wp\/v2\/media?parent=3887"}],"wp:term":[{"taxonomy":"category","embeddable":true,"href":"http:\/\/www.htg.tartu.ee\/miilang\/wp-json\/wp\/v2\/categories?post=3887"},{"taxonomy":"post_tag","embeddable":true,"href":"http:\/\/www.htg.tartu.ee\/miilang\/wp-json\/wp\/v2\/tags?post=3887"},{"taxonomy":"author","embeddable":true,"href":"http:\/\/www.htg.tartu.ee\/miilang\/wp-json\/wp\/v2\/coauthors?post=3887"}],"curies":[{"name":"wp","href":"https:\/\/api.w.org\/{rel}","templated":true}]}}