{"id":3705,"date":"2023-03-10T12:14:50","date_gmt":"2023-03-10T09:14:50","guid":{"rendered":"https:\/\/www.htg.tartu.ee\/miilang\/?p=3705"},"modified":"2023-03-10T12:19:11","modified_gmt":"2023-03-10T09:19:11","slug":"aatriumi-linnuvaatlus","status":"publish","type":"post","link":"http:\/\/www.htg.tartu.ee\/miilang\/2023\/marts-2023\/aatriumi-linnuvaatlus\/","title":{"rendered":"Aatriumi linnuvaatlus"},"content":{"rendered":"\n<p><strong>Treffner on alati isemoodi ja pidevas liikumises olev g\u00fcmnaasium. M\u00f5ned linnud pesitsevad siin juba noorusajast, m\u00f5ned lendavad peale l\u00fchikest peatuspausi edasi j\u00e4rgmise sihi poole. Kunagi ei saa olla p\u00e4ris kindel, mis linnuliikidega siin kokku satud. See l\u00fchike aatriumi linnuvaatlus kirjeldab meie pesapuu mitmekesisust ja ka k\u00f5ige t\u00fc\u00fcpilisemaid linnuliike.<\/strong><\/p>\n\n\n<div class=\"wp-block-image\">\n<figure class=\"alignright size-large is-resized\"><a href=\"https:\/\/www.htg.tartu.ee\/miilang\/wp-content\/uploads\/2023\/03\/Kaljukotkas1-scaled.jpg\"><img decoding=\"async\" loading=\"lazy\" src=\"https:\/\/www.htg.tartu.ee\/miilang\/wp-content\/uploads\/2023\/03\/Kaljukotkas1-edited-scaled.jpg\" alt=\"\" class=\"wp-image-3909\" width=\"162\" height=\"215\" srcset=\"http:\/\/www.htg.tartu.ee\/miilang\/wp-content\/uploads\/2023\/03\/Kaljukotkas1-edited-scaled.jpg 1920w, http:\/\/www.htg.tartu.ee\/miilang\/wp-content\/uploads\/2023\/03\/Kaljukotkas1-edited-225x300.jpg 225w, http:\/\/www.htg.tartu.ee\/miilang\/wp-content\/uploads\/2023\/03\/Kaljukotkas1-edited-768x1024.jpg 768w, http:\/\/www.htg.tartu.ee\/miilang\/wp-content\/uploads\/2023\/03\/Kaljukotkas1-edited-1152x1536.jpg 1152w, http:\/\/www.htg.tartu.ee\/miilang\/wp-content\/uploads\/2023\/03\/Kaljukotkas1-edited-1536x2048.jpg 1536w\" sizes=\"(max-width: 162px) 100vw, 162px\" \/><\/a><figcaption class=\"wp-element-caption\">Lauri Raudsepp 12.e, kaljukotkas<\/figcaption><\/figure><\/div>\n\n\n<p>Alustasin oma linnuvaatlusega 17. veebruaril kell 8.48. Aatriumis oli kuulda vaikset jutuk\u00f5minat ja vaadeldavaid rohkem, kui v\u00f5iks arvata. Nimelt ei ole paljudel \u00f5pilastel esimest tundi ja nende sotsiaalne patarei on teineteisega suhtlemiseks veel t\u00e4is. Kohe j\u00e4i silma \u00fcksik kaljukotkas, kes oli oma t\u00e4helepanu suunanud t\u00e4ielikult raamatusse s\u00f5nade jahtimisele. Seda linnuliiki kohtab aatriumis \u00fcsna harva, tavaliselt pesitsevad nad vaiksetes, inimasustusest kaugemates kohtades.<\/p>\n\n\n\n<p>J\u00e4tkasin j\u00e4lgimist kell 11.07, esimese pika vahetunni ajal. Sattusin peale veel mitmelegi kaljukotkale. Paistab, et sel kevadhooajal on neid eriti rohkesti. Lisaks leidsin ka nende liigikaaslasi, suur-konnakotkaid, kes on r\u00e4ndava eluviisiga. Hetkel oli nendel lindudel pooleli \u201c\u00dcldise keemia\u201d teadmiste omandamine. Suur-konnakotkaid kohtab aatriumis tihti s\u00fcgishooajal, mil nad valmistuvad oma lennuks ol\u00fcmpiaadidele.<\/p>\n\n\n\n<div class=\"wp-block-columns is-layout-flex wp-container-3 wp-block-columns-is-layout-flex\">\n<div class=\"wp-block-column is-layout-flow wp-block-column-is-layout-flow\">\n<figure class=\"wp-block-image size-medium is-resized\"><a href=\"https:\/\/www.htg.tartu.ee\/miilang\/wp-content\/uploads\/2023\/03\/Kaljukotkas.jpg\"><img decoding=\"async\" loading=\"lazy\" src=\"https:\/\/www.htg.tartu.ee\/miilang\/wp-content\/uploads\/2023\/03\/Kaljukotkas-edited-225x300.jpg\" alt=\"\" class=\"wp-image-3838\" width=\"208\" height=\"352\"\/><\/a><figcaption class=\"wp-element-caption\">Kaljukotkas<\/figcaption><\/figure>\n<\/div>\n\n\n\n<div class=\"wp-block-column is-layout-flow wp-block-column-is-layout-flow\">\n<figure class=\"wp-block-image size-medium is-resized\"><a href=\"https:\/\/www.htg.tartu.ee\/miilang\/wp-content\/uploads\/2023\/03\/Suur-konnakotkad.jpg\"><img decoding=\"async\" loading=\"lazy\" src=\"https:\/\/www.htg.tartu.ee\/miilang\/wp-content\/uploads\/2023\/03\/Suur-konnakotkad-300x300.jpg\" alt=\"\" class=\"wp-image-3840\" width=\"417\" height=\"417\" srcset=\"http:\/\/www.htg.tartu.ee\/miilang\/wp-content\/uploads\/2023\/03\/Suur-konnakotkad-300x300.jpg 300w, http:\/\/www.htg.tartu.ee\/miilang\/wp-content\/uploads\/2023\/03\/Suur-konnakotkad-1024x1024.jpg 1024w, http:\/\/www.htg.tartu.ee\/miilang\/wp-content\/uploads\/2023\/03\/Suur-konnakotkad-150x150.jpg 150w, http:\/\/www.htg.tartu.ee\/miilang\/wp-content\/uploads\/2023\/03\/Suur-konnakotkad-768x768.jpg 768w, http:\/\/www.htg.tartu.ee\/miilang\/wp-content\/uploads\/2023\/03\/Suur-konnakotkad-1536x1536.jpg 1536w, http:\/\/www.htg.tartu.ee\/miilang\/wp-content\/uploads\/2023\/03\/Suur-konnakotkad.jpg 2016w\" sizes=\"(max-width: 417px) 100vw, 417px\" \/><\/a><figcaption class=\"wp-element-caption\">Suur-konnakotkad<\/figcaption><\/figure>\n<\/div>\n<\/div>\n\n\n\n<p>Kell 11.07 ja 12.42 m\u00e4rkasin kahte hakiparve. Lindudele nagu ka inimestele meeldib koos \u00fchiselt aega veeta. \u201cLinnud v\u00f5ivad kokku koguneda ka siis, kui pealtn\u00e4ha polegi otsest vajadust \u00fcheskoos midagi ette v\u00f5tta. N\u00e4iteks on selline komme hakkidel. \u00d5htustel kogunemistel arutavad hakid p\u00e4eva jooksul toimunut ja teevad plaane j\u00e4rgmiseks p\u00e4evaks.\u201d &#8211; Tuul Sepp, Tartu \u00fclikooli looma\u00f6koloogia eriala doktorant. Hakiparvesid n\u00e4eb Treffneri kooli aatriumis peaaegu igal vahetunnil ja nende hulka liituvad pidevalt juurde uued liikmed.<\/p>\n\n\n\n<figure class=\"wp-block-gallery has-nested-images columns-default is-cropped wp-block-gallery-4 is-layout-flex wp-block-gallery-is-layout-flex\">\n<figure class=\"wp-block-image size-large\"><a href=\"https:\/\/www.htg.tartu.ee\/miilang\/wp-content\/uploads\/2023\/03\/Hakiparv1.jpg\"><img decoding=\"async\" loading=\"lazy\" width=\"1024\" height=\"768\" data-id=\"3883\" src=\"https:\/\/www.htg.tartu.ee\/miilang\/wp-content\/uploads\/2023\/03\/Hakiparv1-1024x768.jpg\" alt=\"\" class=\"wp-image-3883\" srcset=\"http:\/\/www.htg.tartu.ee\/miilang\/wp-content\/uploads\/2023\/03\/Hakiparv1-1024x768.jpg 1024w, http:\/\/www.htg.tartu.ee\/miilang\/wp-content\/uploads\/2023\/03\/Hakiparv1-300x225.jpg 300w, http:\/\/www.htg.tartu.ee\/miilang\/wp-content\/uploads\/2023\/03\/Hakiparv1-768x576.jpg 768w, http:\/\/www.htg.tartu.ee\/miilang\/wp-content\/uploads\/2023\/03\/Hakiparv1-1536x1152.jpg 1536w, http:\/\/www.htg.tartu.ee\/miilang\/wp-content\/uploads\/2023\/03\/Hakiparv1-200x150.jpg 200w, http:\/\/www.htg.tartu.ee\/miilang\/wp-content\/uploads\/2023\/03\/Hakiparv1.jpg 2000w\" sizes=\"(max-width: 1024px) 100vw, 1024px\" \/><\/a><figcaption class=\"wp-element-caption\">Hakiparv 1<\/figcaption><\/figure>\n\n\n\n<figure class=\"wp-block-image\"><img decoding=\"async\" src=\"https:\/\/lh4.googleusercontent.com\/JvpYiwPUu7GidiBi0fDMWtFzVsotBkM01pDa6SJ5P1wR2KCukMYOJTM93aX5QJl78wuR01tA3LcvAKhQlK_L5CeQfU0qS9byQiST5Mu08-LcRTJJlkMJLkvesBMjboApT_U-hvw8z2WoZsCllWJ59fc\" alt=\"\"\/><figcaption class=\"wp-element-caption\">Hakiparv 2<\/figcaption><\/figure>\n<\/figure>\n\n\n\n<div class=\"wp-block-columns are-vertically-aligned-center is-not-stacked-on-mobile is-layout-flex wp-container-8 wp-block-columns-is-layout-flex\">\n<div class=\"wp-block-column is-vertically-aligned-center is-layout-flow wp-block-column-is-layout-flow\" style=\"flex-basis:50%\">\n<p>Endalegi \u00fcllatuseks m\u00e4rkasin teisel pikal vahetunnil v\u00e4ga kaunist linnuliiki. Ma usun, et me k\u00f5ik oleme kuulnud erinevate \u00f6\u00f6bikute lauluh\u00e4\u00e4lt. Sellel isendil oli hetkel pooleli Johann Friedrich Burgm\u00fclleri \u201cHommiku kell\u201d. Tavaliselt kogunevad \u00f6\u00f6biku \u00fcmber ka erinevad teised linnuliigid, et tema esitust \u00fchiselt nautida.<\/p>\n<\/div>\n\n\n\n<div class=\"wp-block-column is-layout-flow wp-block-column-is-layout-flow\" style=\"flex-basis:50%\">\n<figure class=\"wp-block-image size-medium is-resized\"><a href=\"http:\/\/www.htg.tartu.ee\/miilang\/wp-content\/uploads\/2023\/03\/Oobik.jpg\"><img decoding=\"async\" loading=\"lazy\" src=\"https:\/\/www.htg.tartu.ee\/miilang\/wp-content\/uploads\/2023\/03\/Oobik-edited-1-300x300.jpg\" alt=\"\" class=\"wp-image-3867\" width=\"256\" height=\"256\" srcset=\"http:\/\/www.htg.tartu.ee\/miilang\/wp-content\/uploads\/2023\/03\/Oobik-edited-1-300x300.jpg 300w, http:\/\/www.htg.tartu.ee\/miilang\/wp-content\/uploads\/2023\/03\/Oobik-edited-1-1024x1024.jpg 1024w, http:\/\/www.htg.tartu.ee\/miilang\/wp-content\/uploads\/2023\/03\/Oobik-edited-1-150x150.jpg 150w, http:\/\/www.htg.tartu.ee\/miilang\/wp-content\/uploads\/2023\/03\/Oobik-edited-1-768x768.jpg 768w, http:\/\/www.htg.tartu.ee\/miilang\/wp-content\/uploads\/2023\/03\/Oobik-edited-1.jpg 1512w\" sizes=\"(max-width: 256px) 100vw, 256px\" \/><\/a><\/figure>\n<\/div>\n<\/div>\n\n\n\n<p>Muidugi ei saa unustada ka Treffneri tuvikesi: turteltuvid ehk pruunid tuvid. Linnukestel on koos v\u00e4ga mugav olla ja nad ei karda oma r\u00f5\u00f5mu v\u00e4lja n\u00e4idata ka teistele. Eestis ei ole turteltuvid k\u00fcll looduskaitse all, aga punase raamatu j\u00e4rgi on nad kriitilises seisundis olev liik, kuna nende arvukus on kolme p\u00f5lvkonna jooksul langenud \u00fcle 80% v\u00f5rra. Treffneris on turteltuvide k\u00f5rghooaeg hilistalvest kevade l\u00f5puni.<\/p>\n\n\n\n<figure class=\"wp-block-gallery has-nested-images columns-default is-cropped wp-block-gallery-9 is-layout-flex wp-block-gallery-is-layout-flex\">\n<figure class=\"wp-block-image size-large\"><a href=\"https:\/\/www.htg.tartu.ee\/miilang\/wp-content\/uploads\/2023\/03\/Turteltuvid.jpg\"><img decoding=\"async\" loading=\"lazy\" width=\"768\" height=\"1024\" data-id=\"3929\" src=\"https:\/\/www.htg.tartu.ee\/miilang\/wp-content\/uploads\/2023\/03\/Turteltuvid-768x1024.jpg\" alt=\"\" class=\"wp-image-3929\" srcset=\"http:\/\/www.htg.tartu.ee\/miilang\/wp-content\/uploads\/2023\/03\/Turteltuvid-768x1024.jpg 768w, http:\/\/www.htg.tartu.ee\/miilang\/wp-content\/uploads\/2023\/03\/Turteltuvid-225x300.jpg 225w, http:\/\/www.htg.tartu.ee\/miilang\/wp-content\/uploads\/2023\/03\/Turteltuvid-1152x1536.jpg 1152w, http:\/\/www.htg.tartu.ee\/miilang\/wp-content\/uploads\/2023\/03\/Turteltuvid.jpg 1254w\" sizes=\"(max-width: 768px) 100vw, 768px\" \/><\/a><figcaption class=\"wp-element-caption\">Tuvikesed<\/figcaption><\/figure>\n\n\n\n<figure class=\"wp-block-image size-large\"><a href=\"https:\/\/www.htg.tartu.ee\/miilang\/wp-content\/uploads\/2023\/03\/Turteltuvid1-scaled.jpg\"><img decoding=\"async\" loading=\"lazy\" width=\"768\" height=\"1024\" data-id=\"3927\" src=\"https:\/\/www.htg.tartu.ee\/miilang\/wp-content\/uploads\/2023\/03\/Turteltuvid1-768x1024.jpg\" alt=\"\" class=\"wp-image-3927\" srcset=\"http:\/\/www.htg.tartu.ee\/miilang\/wp-content\/uploads\/2023\/03\/Turteltuvid1-768x1024.jpg 768w, http:\/\/www.htg.tartu.ee\/miilang\/wp-content\/uploads\/2023\/03\/Turteltuvid1-225x300.jpg 225w, http:\/\/www.htg.tartu.ee\/miilang\/wp-content\/uploads\/2023\/03\/Turteltuvid1-1152x1536.jpg 1152w, http:\/\/www.htg.tartu.ee\/miilang\/wp-content\/uploads\/2023\/03\/Turteltuvid1-1536x2048.jpg 1536w, http:\/\/www.htg.tartu.ee\/miilang\/wp-content\/uploads\/2023\/03\/Turteltuvid1-scaled.jpg 1920w\" sizes=\"(max-width: 768px) 100vw, 768px\" \/><\/a><figcaption class=\"wp-element-caption\">Tuvikesed<\/figcaption><\/figure>\n\n\n\n<figure class=\"wp-block-image size-large\"><a href=\"https:\/\/www.htg.tartu.ee\/miilang\/wp-content\/uploads\/2023\/03\/Harudalt-liiki-tuvikesed-scaled.jpg\"><img decoding=\"async\" loading=\"lazy\" width=\"768\" height=\"1024\" data-id=\"3928\" src=\"https:\/\/www.htg.tartu.ee\/miilang\/wp-content\/uploads\/2023\/03\/Harudalt-liiki-tuvikesed-768x1024.jpg\" alt=\"\" class=\"wp-image-3928\" srcset=\"http:\/\/www.htg.tartu.ee\/miilang\/wp-content\/uploads\/2023\/03\/Harudalt-liiki-tuvikesed-768x1024.jpg 768w, http:\/\/www.htg.tartu.ee\/miilang\/wp-content\/uploads\/2023\/03\/Harudalt-liiki-tuvikesed-225x300.jpg 225w, http:\/\/www.htg.tartu.ee\/miilang\/wp-content\/uploads\/2023\/03\/Harudalt-liiki-tuvikesed-1152x1536.jpg 1152w, http:\/\/www.htg.tartu.ee\/miilang\/wp-content\/uploads\/2023\/03\/Harudalt-liiki-tuvikesed-1536x2048.jpg 1536w, http:\/\/www.htg.tartu.ee\/miilang\/wp-content\/uploads\/2023\/03\/Harudalt-liiki-tuvikesed-scaled.jpg 1920w\" sizes=\"(max-width: 768px) 100vw, 768px\" \/><\/a><figcaption class=\"wp-element-caption\">Haruldased tuvikesed<\/figcaption><\/figure>\n<\/figure>\n\n\n\n<p>J\u00e4tkasin oma linnuvaatlust j\u00e4rgmisel p\u00e4eval ja juba esimese pika vahetunni ajal j\u00e4id mulle silma paar Treffneris v\u00e4ga tuntud linnuliiki. Esmalt m\u00e4rkasin paari harilikku \u00f6\u00f6kulli, kes m\u00f5nusa uinakuga pehmetes kotttoolides oma unev\u00f5lga tasusid. R\u00e4\u00e4gitakse, et kui Sa olid eelmises elus \u00f6\u00f6kull, suudad Sa selles elus valesid l\u00e4bi n\u00e4ha ja eluraskuste k\u00e4es hakkama saada. Need on \u00fchele treffneristile v\u00e4ga vajalikud omadused ning usun, et just sellep\u00e4rast siin \u00f6\u00f6kulle nii tihti kohtabki. Lisaks j\u00e4i silma ka \u00fcksinda aatriumi teisel korrusel ringi patseeriv paabulind. \u00dclikonnad ja k\u00f5rged kontsad tunduvad hetkel olevat lindude seas teemas.<\/p>\n\n\n\n<div class=\"wp-block-columns is-layout-flex wp-container-13 wp-block-columns-is-layout-flex\">\n<div class=\"wp-block-column is-layout-flow wp-block-column-is-layout-flow\">\n<figure class=\"wp-block-image size-medium\"><a href=\"https:\/\/www.htg.tartu.ee\/miilang\/wp-content\/uploads\/2023\/03\/Ookullid.jpg\"><img decoding=\"async\" loading=\"lazy\" width=\"300\" height=\"300\" src=\"https:\/\/www.htg.tartu.ee\/miilang\/wp-content\/uploads\/2023\/03\/Ookullid-300x300.jpg\" alt=\"\" class=\"wp-image-3843\" srcset=\"http:\/\/www.htg.tartu.ee\/miilang\/wp-content\/uploads\/2023\/03\/Ookullid-300x300.jpg 300w, http:\/\/www.htg.tartu.ee\/miilang\/wp-content\/uploads\/2023\/03\/Ookullid-1024x1024.jpg 1024w, http:\/\/www.htg.tartu.ee\/miilang\/wp-content\/uploads\/2023\/03\/Ookullid-150x150.jpg 150w, http:\/\/www.htg.tartu.ee\/miilang\/wp-content\/uploads\/2023\/03\/Ookullid-768x768.jpg 768w, http:\/\/www.htg.tartu.ee\/miilang\/wp-content\/uploads\/2023\/03\/Ookullid-1536x1536.jpg 1536w, http:\/\/www.htg.tartu.ee\/miilang\/wp-content\/uploads\/2023\/03\/Ookullid.jpg 2000w\" sizes=\"(max-width: 300px) 100vw, 300px\" \/><\/a><figcaption class=\"wp-element-caption\">\u00d6\u00f6kullid<\/figcaption><\/figure>\n<\/div>\n\n\n\n<div class=\"wp-block-column is-layout-flow wp-block-column-is-layout-flow\">\n<figure class=\"wp-block-image size-large is-resized\"><a href=\"https:\/\/www.htg.tartu.ee\/miilang\/wp-content\/uploads\/2023\/03\/Paabulind.jpg\"><img decoding=\"async\" src=\"https:\/\/www.htg.tartu.ee\/miilang\/wp-content\/uploads\/2023\/03\/Paabulind-edited.jpg\" alt=\"\" class=\"wp-image-3924\" width=\"231\" srcset=\"http:\/\/www.htg.tartu.ee\/miilang\/wp-content\/uploads\/2023\/03\/Paabulind-edited.jpg 925w, http:\/\/www.htg.tartu.ee\/miilang\/wp-content\/uploads\/2023\/03\/Paabulind-edited-225x300.jpg 225w, http:\/\/www.htg.tartu.ee\/miilang\/wp-content\/uploads\/2023\/03\/Paabulind-edited-768x1025.jpg 768w\" sizes=\"(max-width: 925px) 100vw, 925px\" \/><\/a><figcaption class=\"wp-element-caption\">Paabulind<\/figcaption><\/figure>\n<\/div>\n<\/div>\n\n\n\n<p>Aatrium on \u00e4\u00e4rmiselt mitmekesine pesitsusala ja siit v\u00f5ib alati avastada m\u00f5ne uue linnuliigi. \u00dchtegi lindu ei saa kindlalt m\u00e4\u00e4rata vaid \u00fchte liiki \u2013 ikka leidub tiiva all m\u00f5ni kuldne sulg, mis muudab linnu m\u00e4\u00e4ratlemise kindlasse kategooriasse v\u00f5imatuks. Tegemist on siin seega vaid minu enda v\u00e4lise mulje t\u00f5lgendamisega.<\/p>\n\n\n\n<p><strong><em>Kasutatud materjalid: <\/em><\/strong><\/p>\n\n\n\n<ul>\n<li><a href=\"https:\/\/www.kotkas.ee\/\">https:\/\/www.kotkas.ee\/<\/a><\/li>\n\n\n\n<li><a href=\"https:\/\/bio.edu.ee\/loomad\/Linnud\/STRTUR2.htm\">https:\/\/bio.edu.ee\/loomad\/Linnud\/STRTUR2.htm<\/a><\/li>\n\n\n\n<li><a href=\"http:\/\/www.eestiloodus.ee\/artikkel4589_4560.html\">http:\/\/www.eestiloodus.ee\/artikkel4589_4560.html<\/a><\/li>\n\n\n\n<li><a href=\"https:\/\/latene.ee\/blog\/post;lid;680_owl-soul-totem\">https:\/\/latene.ee\/blog\/post;lid;680_owl-soul-totem<\/a><\/li>\n<\/ul>\n","protected":false},"excerpt":{"rendered":"<p>Treffner on alati isemoodi ja pidevas liikumises olev g\u00fcmnaasium. M\u00f5ned linnud pesitsevad siin juba noorusajast, m\u00f5ned lendavad peale l\u00fchikest peatuspausi edasi j\u00e4rgmise sihi poole. Kunagi ei saa olla p\u00e4ris kindel, mis linnuliikidega siin kokku satud. See l\u00fchike aatriumi linnuvaatlus kirjeldab meie pesapuu mitmekesisust ja ka k\u00f5ige t\u00fc\u00fcpilisemaid linnuliike.<\/p>\n","protected":false},"author":167,"featured_media":3877,"comment_status":"open","ping_status":"open","sticky":true,"template":"","format":"standard","meta":{"_monsterinsights_skip_tracking":false,"_monsterinsights_sitenote_active":false,"_monsterinsights_sitenote_note":"","_monsterinsights_sitenote_category":0,"footnotes":""},"categories":[362],"tags":[335],"coauthors":[321],"acf":[],"_links":{"self":[{"href":"http:\/\/www.htg.tartu.ee\/miilang\/wp-json\/wp\/v2\/posts\/3705"}],"collection":[{"href":"http:\/\/www.htg.tartu.ee\/miilang\/wp-json\/wp\/v2\/posts"}],"about":[{"href":"http:\/\/www.htg.tartu.ee\/miilang\/wp-json\/wp\/v2\/types\/post"}],"author":[{"embeddable":true,"href":"http:\/\/www.htg.tartu.ee\/miilang\/wp-json\/wp\/v2\/users\/167"}],"replies":[{"embeddable":true,"href":"http:\/\/www.htg.tartu.ee\/miilang\/wp-json\/wp\/v2\/comments?post=3705"}],"version-history":[{"count":39,"href":"http:\/\/www.htg.tartu.ee\/miilang\/wp-json\/wp\/v2\/posts\/3705\/revisions"}],"predecessor-version":[{"id":3933,"href":"http:\/\/www.htg.tartu.ee\/miilang\/wp-json\/wp\/v2\/posts\/3705\/revisions\/3933"}],"wp:featuredmedia":[{"embeddable":true,"href":"http:\/\/www.htg.tartu.ee\/miilang\/wp-json\/wp\/v2\/media\/3877"}],"wp:attachment":[{"href":"http:\/\/www.htg.tartu.ee\/miilang\/wp-json\/wp\/v2\/media?parent=3705"}],"wp:term":[{"taxonomy":"category","embeddable":true,"href":"http:\/\/www.htg.tartu.ee\/miilang\/wp-json\/wp\/v2\/categories?post=3705"},{"taxonomy":"post_tag","embeddable":true,"href":"http:\/\/www.htg.tartu.ee\/miilang\/wp-json\/wp\/v2\/tags?post=3705"},{"taxonomy":"author","embeddable":true,"href":"http:\/\/www.htg.tartu.ee\/miilang\/wp-json\/wp\/v2\/coauthors?post=3705"}],"curies":[{"name":"wp","href":"https:\/\/api.w.org\/{rel}","templated":true}]}}