{"id":2946,"date":"2022-11-01T21:54:28","date_gmt":"2022-11-01T18:54:28","guid":{"rendered":"https:\/\/www.htg.tartu.ee\/miilang\/?p=2946"},"modified":"2022-11-01T21:54:29","modified_gmt":"2022-11-01T18:54:29","slug":"eriti-pidulik-opetajate-paev","status":"publish","type":"post","link":"http:\/\/www.htg.tartu.ee\/miilang\/2022\/november-2022\/eriti-pidulik-opetajate-paev\/","title":{"rendered":"Eriti pidulik \u00f5petajate p\u00e4ev"},"content":{"rendered":"\n<p><strong>T\u00e4pselt n\u00e4dal p\u00e4rast m\u00f6llukat ristimistseremooniat laotati aulasse maha elegantne punane vaip \u2013 oli taas k\u00e4tte j\u00f5udnud \u00f5petajate p\u00e4ev!<\/strong><\/p>\n\n\n\n<p>Hommikul tuli \u00f5petajatel kohe ajusid ragistama hakata: iga\u00fcks sai \u00fche poole vanas\u00f5nast ning pidi leidma kolleegi, kellel oli vanas\u00f5na teine pool. Paarilisega suunduti edasi galale kohase fotoseina juurde. Stendil v\u00f5is silmata pilte \u00f5petajate noorusp\u00f5lvest. \u00d5petajaskonda ootas ka maitsev suupistelaud. Tunnid olid l\u00fchendatud, 6. tunni ajal proovisid 12.e klassi usinad \u00f5pilased ka ise pedagoogit\u00f6\u00f6d. Imre N\u00f5mme eratunnis oli \u00f5petajatel harukordne v\u00f5imalus tutvuda Kodavere murrakuga. L\u00f5bus koolip\u00e4ev l\u00f5ppes aktusega, kus tunnustati tublimaid: Tartu linna \u00f5petaja elut\u00f6\u00f6 preemiaga Saima Kaarnat, kooli aasta tegija tiitliga Monika Piirim\u00e4ed ja Anett Pulleritsu, kooli aasta \u00f5petajat Ave K\u00fclterit. Samuti said t\u00e4natud k\u00f5ik \u00fclej\u00e4\u00e4nud meie kooli t\u00f6\u00f6kad \u00f5petajad. Aktusel astusid \u00fcles Hella Niitra, Arabella Antons ning treffneristidest koosnev rokkansambel ROKAMASA koos segakoor Animaga. Kohal oli ka Tartu linnapea Urmas Klaas.<\/p>\n\n\n\n<figure class=\"wp-block-image size-large\"><a href=\"https:\/\/www.htg.tartu.ee\/miilang\/wp-content\/uploads\/2022\/11\/20221007_145222-scaled.jpg\"><img decoding=\"async\" loading=\"lazy\" width=\"1024\" height=\"461\" src=\"https:\/\/www.htg.tartu.ee\/miilang\/wp-content\/uploads\/2022\/11\/20221007_145222-1024x461.jpg\" alt=\"\" class=\"wp-image-2949\" srcset=\"http:\/\/www.htg.tartu.ee\/miilang\/wp-content\/uploads\/2022\/11\/20221007_145222-1024x461.jpg 1024w, http:\/\/www.htg.tartu.ee\/miilang\/wp-content\/uploads\/2022\/11\/20221007_145222-300x135.jpg 300w, http:\/\/www.htg.tartu.ee\/miilang\/wp-content\/uploads\/2022\/11\/20221007_145222-768x346.jpg 768w, http:\/\/www.htg.tartu.ee\/miilang\/wp-content\/uploads\/2022\/11\/20221007_145222-1536x691.jpg 1536w, http:\/\/www.htg.tartu.ee\/miilang\/wp-content\/uploads\/2022\/11\/20221007_145222-2048x922.jpg 2048w\" sizes=\"(max-width: 1024px) 100vw, 1024px\" \/><\/a><figcaption><strong>Direktor Ott Ojaveer \u00f5petajate p\u00e4eva aktust alustamas<\/strong><br>Foto: Heivo Kikkatalo<\/figcaption><\/figure>\n","protected":false},"excerpt":{"rendered":"<p>T\u00e4pselt n\u00e4dal p\u00e4rast m\u00f6llukat ristimistseremooniat laotati aulasse maha elegantne punane vaip \u2013 oli taas k\u00e4tte j\u00f5udnud \u00f5petajate p\u00e4ev! Hommikul tuli \u00f5petajatel kohe ajusid ragistama hakata: iga\u00fcks sai \u00fche poole vanas\u00f5nast ning pidi leidma kolleegi, kellel oli vanas\u00f5na teine pool. Paarilisega suunduti edasi galale kohase fotoseina juurde. Stendil v\u00f5is silmata pilte&#8230;<\/p>\n","protected":false},"author":145,"featured_media":2949,"comment_status":"open","ping_status":"open","sticky":false,"template":"","format":"standard","meta":{"_monsterinsights_skip_tracking":false,"_monsterinsights_sitenote_active":false,"_monsterinsights_sitenote_note":"","_monsterinsights_sitenote_category":0,"footnotes":""},"categories":[307],"tags":[338],"coauthors":[324],"acf":[],"_links":{"self":[{"href":"http:\/\/www.htg.tartu.ee\/miilang\/wp-json\/wp\/v2\/posts\/2946"}],"collection":[{"href":"http:\/\/www.htg.tartu.ee\/miilang\/wp-json\/wp\/v2\/posts"}],"about":[{"href":"http:\/\/www.htg.tartu.ee\/miilang\/wp-json\/wp\/v2\/types\/post"}],"author":[{"embeddable":true,"href":"http:\/\/www.htg.tartu.ee\/miilang\/wp-json\/wp\/v2\/users\/145"}],"replies":[{"embeddable":true,"href":"http:\/\/www.htg.tartu.ee\/miilang\/wp-json\/wp\/v2\/comments?post=2946"}],"version-history":[{"count":1,"href":"http:\/\/www.htg.tartu.ee\/miilang\/wp-json\/wp\/v2\/posts\/2946\/revisions"}],"predecessor-version":[{"id":2950,"href":"http:\/\/www.htg.tartu.ee\/miilang\/wp-json\/wp\/v2\/posts\/2946\/revisions\/2950"}],"wp:featuredmedia":[{"embeddable":true,"href":"http:\/\/www.htg.tartu.ee\/miilang\/wp-json\/wp\/v2\/media\/2949"}],"wp:attachment":[{"href":"http:\/\/www.htg.tartu.ee\/miilang\/wp-json\/wp\/v2\/media?parent=2946"}],"wp:term":[{"taxonomy":"category","embeddable":true,"href":"http:\/\/www.htg.tartu.ee\/miilang\/wp-json\/wp\/v2\/categories?post=2946"},{"taxonomy":"post_tag","embeddable":true,"href":"http:\/\/www.htg.tartu.ee\/miilang\/wp-json\/wp\/v2\/tags?post=2946"},{"taxonomy":"author","embeddable":true,"href":"http:\/\/www.htg.tartu.ee\/miilang\/wp-json\/wp\/v2\/coauthors?post=2946"}],"curies":[{"name":"wp","href":"https:\/\/api.w.org\/{rel}","templated":true}]}}