{"id":2906,"date":"2022-10-31T21:30:15","date_gmt":"2022-10-31T18:30:15","guid":{"rendered":"https:\/\/www.htg.tartu.ee\/miilang\/?p=2906"},"modified":"2023-03-10T11:58:50","modified_gmt":"2023-03-10T08:58:50","slug":"miks-nii-kulm-ehk-treffneri-iidse-probleemi-tagamaad","status":"publish","type":"post","link":"http:\/\/www.htg.tartu.ee\/miilang\/2022\/november-2022\/miks-nii-kulm-ehk-treffneri-iidse-probleemi-tagamaad\/","title":{"rendered":"Miks nii k\u00fclm? ehk Treffneri iidse probleemi tagamaad"},"content":{"rendered":"\n<p><strong>Tutvustades treffneristihakatistele siinset koolielu, ei saa \u00fcle ega \u00fcmber temperatuuri teemast. Eks ajaga kasva k\u00f5igile polster peale, aga esimene aasta selles majas v\u00f5ib panna t\u00f5siselt k\u00f6hima. Kust selline probleem \u00fcldse tuleb ja kes kontrollib k\u00f5ikv\u00f5imast soojusnuppu? Eriti just uutel tulijatel v\u00f5ib tekkida seos praeguse energiakriisiga. Et saada sotid l\u00f5plikult selgeks, k\u00e4isin r\u00e4\u00e4kimas direktor Ott Ojaveeriga, kes lahkelt k\u00f5ik lahti seletas.<\/strong><\/p>\n\n\n\n<p>Direktorile j\u00e4\u00e4b arusaamatuks, kust tuleb arvamus, et koolis on k\u00fclm. Igal aastal on selle \u00fcle kurdetud, kuid temal pole kahek\u00fcmne aasta jooksul siin kordagi k\u00fclm hakanud. Pea pooleteise meetri paksuste kiviseinte ning korraliku ventilatsiooni t\u00f5ttu v\u00f5ib meil olla jahedam kui nii m\u00f5neski teises koolis, kuid tema hinnangul mitte niiv\u00f5rd, et see \u00f5ppetegevust segaks.<\/p>\n\n\n\n<p>Selle aasta k\u00fctmismuster ei erine ka kuidagi eelnevatest. T\u00f5si ta on, lahkhelid Venemaaga on t\u00f5stnud m\u00e4rgatavalt nii Eesti kui paljude teiste riikide energiahindu. N\u00f5nda on ka kooli \u00fclalpidamine tavalisest kallim, kuid Treffneri kommunaalkulud maksab endiselt kinni Tartu linn. Sellegipoolest ei tasu kooli energiavarusid raisata \u2013 ehk aitab meie kokkuhoid linnal keeruliste oludega paremini toime tulla. Ka Ott Ojaveer nendib, et praegu on rasked ajad, kuid kinnitab, et kooli p\u00e4rast muretsemiseks pole p\u00f5hjust. Juhtkonna prioriteediks on tagada \u00f5pilastele t\u00e4isv\u00e4\u00e4rtuslik g\u00fcmnaasiumikogemus ilma midagi piiramata, rahaliste vahendite nappusega on varemgi toime tuldud.<\/p>\n\n\n\n<figure class=\"wp-block-image size-large\"><a href=\"https:\/\/www.htg.tartu.ee\/miilang\/wp-content\/uploads\/2022\/10\/Miks-nii-kulm2-scaled.jpg\"><img decoding=\"async\" loading=\"lazy\" width=\"1024\" height=\"899\" src=\"https:\/\/www.htg.tartu.ee\/miilang\/wp-content\/uploads\/2022\/10\/Miks-nii-kulm2-1024x899.jpg\" alt=\"\" class=\"wp-image-2913\" srcset=\"http:\/\/www.htg.tartu.ee\/miilang\/wp-content\/uploads\/2022\/10\/Miks-nii-kulm2-1024x899.jpg 1024w, http:\/\/www.htg.tartu.ee\/miilang\/wp-content\/uploads\/2022\/10\/Miks-nii-kulm2-300x263.jpg 300w, http:\/\/www.htg.tartu.ee\/miilang\/wp-content\/uploads\/2022\/10\/Miks-nii-kulm2-768x674.jpg 768w, http:\/\/www.htg.tartu.ee\/miilang\/wp-content\/uploads\/2022\/10\/Miks-nii-kulm2-1536x1349.jpg 1536w, http:\/\/www.htg.tartu.ee\/miilang\/wp-content\/uploads\/2022\/10\/Miks-nii-kulm2-2048x1798.jpg 2048w\" sizes=\"(max-width: 1024px) 100vw, 1024px\" \/><\/a><figcaption class=\"wp-element-caption\">FOTO: TUULI K\u00c4RT TAMMARU<\/figcaption><\/figure>\n\n\n\n<p>Aga mis siis ikkagi m\u00e4\u00e4rab temperatuuri Munga t\u00e4nava kaheteistk\u00fcmnendas majas? Peamiselt automaatne s\u00fcsteem, mis reguleerib seda vastavalt v\u00e4listemperatuurile. Kuid siiski leidub kuskil salajas \u00fcks punane nupuke, mida kontrollivad kaks v\u00e4ljavalitut: Ott Ojaveer ja Uve Saar. Kui automaatika ei ole oma t\u00f6\u00f6ga h\u00e4sti hakkama saanud, keeravad nad sealt vastavalt vajadusele sooja juurde v\u00f5i v\u00e4hemaks. N\u00f5nda ei ole k\u00fcll koolimaja soojakraadid kivisse raiutud, ent eriti sellel aastal oleks t\u00f5eline patt k\u00fctmisega liialdada. Ojaveeril on selle kohta juba oma kindel \u00fctlemine kujunenud: <strong>\u201e<\/strong>Ega Tartu linn ei pea talvel paljaid nabasid kinni maksma!<strong>\u201c<\/strong><\/p>\n\n\n\n<figure class=\"wp-block-pullquote\"><blockquote><p><em>\u201eEga Tartu linn<br>ei pea talvel<br>paljaid nabasid<br>kinni maksma!\u201c<\/em><\/p><\/blockquote><\/figure>\n\n\n\n<p>Suvisest soojusest v\u00f5ib j\u00e4relikult unistama j\u00e4\u00e4dagi, niisiis soovitus peamiselt rebastele: unustagem paljad k\u00e4sivarred ja hakakem kampsuneid varuma, ka kihiliselt riietumine pole paha m\u00f5te. Sest mida muud see kool meile ikka \u00f5petab kui mitte uute olukordadega kohanemist? Sellele vaatamata ootab direktor meeleldi \u00f5pilasi endaga vestlema, kui varbad ikka t\u00e4itsa k\u00fclmetavad.<\/p>\n","protected":false},"excerpt":{"rendered":"<p>Tutvustades treffneristihakatistele siinset koolielu, ei saa \u00fcle ega \u00fcmber temperatuuri teemast. Eks ajaga kasva k\u00f5igile polster peale, aga esimene aasta selles majas v\u00f5ib panna t\u00f5siselt k\u00f6hima. Kust selline probleem \u00fcldse tuleb ja kes kontrollib k\u00f5ikv\u00f5imast soojusnuppu? Eriti just uutel tulijatel v\u00f5ib tekkida seos praeguse energiakriisiga. Et saada sotid l\u00f5plikult selgeks,&#8230;<\/p>\n","protected":false},"author":168,"featured_media":2908,"comment_status":"open","ping_status":"open","sticky":false,"template":"","format":"standard","meta":{"_monsterinsights_skip_tracking":false,"_monsterinsights_sitenote_active":false,"_monsterinsights_sitenote_note":"","_monsterinsights_sitenote_category":0,"footnotes":""},"categories":[307],"tags":[336],"coauthors":[334],"acf":[],"_links":{"self":[{"href":"http:\/\/www.htg.tartu.ee\/miilang\/wp-json\/wp\/v2\/posts\/2906"}],"collection":[{"href":"http:\/\/www.htg.tartu.ee\/miilang\/wp-json\/wp\/v2\/posts"}],"about":[{"href":"http:\/\/www.htg.tartu.ee\/miilang\/wp-json\/wp\/v2\/types\/post"}],"author":[{"embeddable":true,"href":"http:\/\/www.htg.tartu.ee\/miilang\/wp-json\/wp\/v2\/users\/168"}],"replies":[{"embeddable":true,"href":"http:\/\/www.htg.tartu.ee\/miilang\/wp-json\/wp\/v2\/comments?post=2906"}],"version-history":[{"count":6,"href":"http:\/\/www.htg.tartu.ee\/miilang\/wp-json\/wp\/v2\/posts\/2906\/revisions"}],"predecessor-version":[{"id":3902,"href":"http:\/\/www.htg.tartu.ee\/miilang\/wp-json\/wp\/v2\/posts\/2906\/revisions\/3902"}],"wp:featuredmedia":[{"embeddable":true,"href":"http:\/\/www.htg.tartu.ee\/miilang\/wp-json\/wp\/v2\/media\/2908"}],"wp:attachment":[{"href":"http:\/\/www.htg.tartu.ee\/miilang\/wp-json\/wp\/v2\/media?parent=2906"}],"wp:term":[{"taxonomy":"category","embeddable":true,"href":"http:\/\/www.htg.tartu.ee\/miilang\/wp-json\/wp\/v2\/categories?post=2906"},{"taxonomy":"post_tag","embeddable":true,"href":"http:\/\/www.htg.tartu.ee\/miilang\/wp-json\/wp\/v2\/tags?post=2906"},{"taxonomy":"author","embeddable":true,"href":"http:\/\/www.htg.tartu.ee\/miilang\/wp-json\/wp\/v2\/coauthors?post=2906"}],"curies":[{"name":"wp","href":"https:\/\/api.w.org\/{rel}","templated":true}]}}