{"id":2116,"date":"2014-10-29T18:35:18","date_gmt":"2014-10-29T15:35:18","guid":{"rendered":"http:\/\/www.htg.tartu.ee\/miilang\/?p=2116"},"modified":"2015-05-19T18:19:38","modified_gmt":"2015-05-19T15:19:38","slug":"treffneri-aare","status":"publish","type":"post","link":"http:\/\/www.htg.tartu.ee\/miilang\/2014\/oktoober\/treffneri-aare\/","title":{"rendered":"Treffneri AARE!"},"content":{"rendered":"<p><strong>Teist aastat j\u00e4rjest korraldati Tartus, Vanemuise kontserdimajas aasta \u00f5petaja gala\u00f5htu  \u201cEestimaa \u00f5pib ja t\u00e4nab\u201d.  T\u00e4navu oli ka minul v\u00f5imalus sellel pidulikul s\u00fcndmusel pealtvaatajana osaleda. L\u00e4ks lausa nii h\u00e4sti, et \u00f5nnestus l\u00e4bi viia eksklusiivintervjuu aasta g\u00fcmnaasiumi\u00f5petaja 2014-ga, h\u00e4rra Aare Ristikiviga!<\/strong><\/p>\n<p>Kinnitan, et mitte ilmaasjata ei ole aasta \u00f5petaja gala\u00f5htut v\u00f5rreldud Oscarite jagamise tseremooniaga &#8211; vaid kuldse mehikese nimi on teine &#8211; Joosep. Vanemuise kontserdisaal oli t\u00e4itunud uhketes kleitides ja pintsakutes \u00f5petajate, \u00f5pilaste ja hariduss\u00f5pradega ning \u00f5hus oli meeldiv \u00e4revus (lisaks veel ETV otse-eetri pinge ja v\u00f5imalus\/oht televiisorisse sattuda). Kontserdimaja oli ehitud ilusate lilleseadetega ning osalejaid j\u00e4\u00e4dvustas fotograaf, kaetud olid isu\u00e4ratavad banketilauad. Kategooriaid oli terve rida, alates parimast lasteaia\u00f5petajast kuni g\u00fcmnaasiumi\u00f5petajani ja l\u00f5petades aasta teoga hariduses. Nominentide tutvustamise ja laureaatide \u00f5nnitlemise vahele n\u00e4idati l\u00f5busaid videoklippe, kus vaheldusid sket\u0161id vanaaja ja t\u00e4nap\u00e4eva \u201cKevadest\u201d. Peo\u00f5htu l\u00f5pus astusid K\u00f6ster ja Teele kinolinalt ootamatult lavale ja k\u00fcsisid ministrilt n\u00f5u, kuidas suhtuda koolide edetabelitesse. Minister pidas k\u00f5ne, esinesid koolipoiste b\u00e4nd POS\u00d5, Lenna Kuurma ning paljud teised; \u00f5htu oli v\u00e4ga s\u00fcdamlik ja tekitas helge meeleolu. Kuid mis k\u00f5ige t\u00e4htsam: k\u00f5igist eesti g\u00fcmnaasiumi\u00f5petajatest valiti aasta \u00f5petajaks meie oma \u00f5petaja AARE RISTIKIVI!<br \/>\nOtsustasin kasutada ideaalset v\u00f5imalust ja teha \u00f5petajaga ka intervjuu.<\/p>\n<h1>Kas aasta \u00f5petaja tiitel oli ootamatu v\u00f5i aimasite seda juba ette? Kas see tiitel muudab midagi teie \u00f5petamismeetodites?<\/h1>\n<p>Tiitel oli ootamatu. Juba nominatsioon oli ootamatu, sain sellest teada juulikuus &#8211; ministeerium soovis mu pilti gala jaoks. Tiitli osas keeldusin uskumast kuni viimase hetkeni, ei soovinud endale asjatuid lootusi tekitada. K\u00f5ne olin igaks juhuks l\u00e4bi m\u00f5elnud&#8230;<br \/>\nTiitel midagi p\u00f5him\u00f5tteliselt ei muuda, olen alati p\u00fc\u00fcdnud endast parimat anda. Aeg on taastumatu ressurss, kui enda ajaga v\u00f5ib inimene peale hakata seda, mida just soovib, siis teiste inimeste aega, \u00f5pilaste aega ma lihtsalt maha visata ei taha. See muidugi ei t\u00e4henda, et m\u00f5ni \u00f5pilane ise oma aega minu tunnis ei raiska.<\/p>\n<h1>Kas olete alati tahtnud \u00f5petajaks saada v\u00f5i kui mitte, siis kuidas te selle t\u00f6\u00f6 peale sattusite? Mis te arvate v\u00e4itest \u201c\u00f5petajaks s\u00fcnnitakse, mitte ei saada\u201d? Kui te poleks treffneris \u00f5petaja, siis kellena sooviksite t\u00f6\u00f6tada?<\/h1>\n<p>\u00d5petaja amet on minu jaoks alati ahvatlev olnud. Teadsin juba p\u00f5hikoolis, et tahan ajalugu \u00f5ppida, mis ametis ma saadud teadmisi rakendama asun, see selge veel polnud. Kui ma esimesel aastal Tartu \u00dclikooli sisse ei saanud, siis kutsus mu oma kool &#8211; Lihula Keskkool mind algklasside \u00f5petajaks, sealt j\u00e4i see pisik ilmselt sisse.<br \/>\nMa usun, et kaasas\u00fcndinud eeldused on igal erialal l\u00e4bi l\u00f6\u00f6miseks olulised, kuid ainult sellele lootma j\u00e4\u00e4da ei saa. Sellesama esimese \u00f5petaja-aasta t\u00e4htsaim \u00f5ppetund oligi, et \u00f5petajaks peab \u00f5ppima.<br \/>\nMa ei tea, kes ma oleks, kui ma \u00f5petajana ei t\u00f6\u00f6taks. Ehk oleksin arheoloog, ma ei saa siiani \u00fchestki kaevendist m\u00f6\u00f6duda ilma sisse kiikamata.<\/p>\n<h1>Mis teile \u00f5petaja ameti juures k\u00f5ige rohkem meeldib? Mis k\u00f5ige v\u00e4hem?<\/h1>\n<p>Mulle meeldib \u00f5petaja t\u00f6\u00f6, sest see v\u00f5imaldab mul pidevalt midagi juurde avastada. \u00d5pilased on suurep\u00e4rased \u00f5petajad ja motiveerijad, see hoiab vaimu vormis ning hea vorm annab ka hea enesetunde.<br \/>\nNegatiivse poole pealt &#8211; 36 \u00f5pilast klassis on liiga palju, igal aastal tunnen l\u00f5puaktusel kahetsust, et ei j\u00f5udnud l\u00f5petajaid tegelikult tundma \u00f5ppida.<\/p>\n<h1>Meenutage oma lemmik\u00f5petajat: milline ta oli, mida olete temalt \u00f5ppinud? Mainisite oma t\u00e4nuk\u00f5nes kolme \u00f5petajat, palun r\u00e4\u00e4kige, miks just neid?<\/h1>\n<p>Minu lemmik\u00f5petaja oli Kaire Nurk, kes \u00f5petas mulle Lihula Keskkoolis ajalugu. Sellist p\u00fchendumist pole ma vist mujal kohanudki, ma l\u00f5petasin 1991. aastal, N\u00f5ukogude Liit oli kokku kukkumas, senine ajalook\u00e4sitlus oli tolmu pudenenud, kuid uusi \u00f5pikuid ei olnud, kogu \u00f5pe toimus ajaleheartiklite p\u00f5hjal. Temalt p\u00e4risin kombe k\u00e4\u00e4rid k\u00e4es lugeda, olen vist viimane, kes igal n\u00e4dalal stendile v\u00e4rskeid ajalehev\u00e4ljal\u00f5ikeid kinnitab. Samas koolis oli minu vene keele \u00f5petajaks Doris Leola, ma ei saa siiani m\u00f5elda Ahmatovast v\u00f5i Pu\u0161kinist ilma romantiliselt \u00f5hkamata ning nende luuleread p\u00fcsivad peas. Samas ei r\u00e4\u00e4kinud me ainult vene kultuurist, just tema juhatas mind n\u00e4iteks Tagore loominguni. Ja muidugi ei saa m\u00f6\u00f6da minna minu esimesest klassijuhatajast &#8211; Saima Pikkasest. Neid k\u00f5iki kolme \u00fchendab inimlikkus, mulle meeldib n\u00e4iteks, kui ma algklassis k\u00e4ies korraga lihtsalt ei tahtnud kooli minna. Ma ei m\u00e4leta enam, mis see p\u00f5hjus oli, kuid klassijuhataja \u00fctles mu vanematele lihtsalt, et las poiss puhkab p\u00e4eva, k\u00fcllap on siis j\u00e4rgmisel tublim ja teeb kaotatu tasa. <\/p>\n<h1>Milline on k\u00f5ige t\u00e4htsam omadus \u00fchel heal \u00f5petajal?<\/h1>\n<p>Professionaalsus ja inimlikkus on need omadused, mis minu eeskujusid iseloomustab.<\/p>\n<h1>Kas olite hea \u00f5pilane?<\/h1>\n<p>Ma olin muidugi hea \u00f5pilane, medalist mitte, kuid \u00f5ppimine raskusi ka ei valmistanud. M\u00f5ni aine tuli kergemalt, m\u00f5ni oli keerulisem, vaid seda kahetsen, et saksa keelt ei saanudki suhu, sel ajal ei olnud motivatsiooni.<\/p>\n<h1>Mida armastate teha vabal ajal?<\/h1>\n<p>Praegu kuuluvad minu lemmikhetkede hulka need, mil saan raamatu lahti l\u00fc\u00fca ja lihtsalt lugeda. Eks ma olen lugemist alati armastanud, kuid n\u00fc\u00fcd on selle jaoks aega kuidagi eriti v\u00e4he. Reisida meeldib ka.<\/p>\n<h1>Milliseid veidrusi teil on?<\/h1>\n<p>Ma olen v\u00e4ga tavaline inimene, mulle on n\u00e4iteks \u00f5pilased \u00f6elnud, et mind on raske parodeerida, sest pole nagu millestki kinni hakata. Kogun pliiatsiteritajaid, see on ehk pisut kummaline.<\/p>\n<h1>Kuidas te v\u00f5itu t\u00e4histastite?<\/h1>\n<p>V\u00f5itu t\u00e4histasin sellega, et v\u00f5tsin terve p\u00fchap\u00e4evase p\u00e4eva \u00f5nnitlusi vastu. H\u00e4sti tore oli ja h\u00e4sti v\u00e4sitav. Oma klassi kavatsen k\u00fclla kutsuda, et koos t\u00e4histada ning muidugi pean kolleegidele v\u00e4lja tegema &#8211; nende toetus on olnud v\u00e4ga oluline. Pean \u00fcldse \u00fctlema, et Treffneri kool on parim paik, kus \u00f5petada: sellist sisekliimat ei ole ma kusagil mujal tajunud, nii avatud kolleege, nii motiveeritud \u00f5pilasi, nii m\u00f5nusat koolimaja ning nii toetavat juhtkonda ja abivalmis abipersonali mujal lihtsalt ei ole.<\/p>\n<p><a href=\"http:\/\/www.htg.tartu.ee\/miilang\/wp-content\/uploads\/2014\/10\/Ristikivi1.jpg\"><img decoding=\"async\" loading=\"lazy\" src=\"http:\/\/www.htg.tartu.ee\/miilang\/wp-content\/uploads\/2014\/10\/Ristikivi1-1024x696.jpg\" alt=\"Ristikivi1\" width=\"1024\" height=\"696\" class=\"alignnone size-large wp-image-2117\" srcset=\"http:\/\/www.htg.tartu.ee\/miilang\/wp-content\/uploads\/2014\/10\/Ristikivi1-1024x696.jpg 1024w, http:\/\/www.htg.tartu.ee\/miilang\/wp-content\/uploads\/2014\/10\/Ristikivi1-300x204.jpg 300w, http:\/\/www.htg.tartu.ee\/miilang\/wp-content\/uploads\/2014\/10\/Ristikivi1.jpg 1600w\" sizes=\"(max-width: 1024px) 100vw, 1024px\" \/><\/a><br \/>\n<strong>\u00d5htujuhid:<\/strong> Liisa Pulk ja Indrek Lillem\u00e4gi, K\u00f6ster, Teele ning haridus- ja teadusminister Jevgeni Ossinovski<\/p>\n<p><a href=\"http:\/\/www.htg.tartu.ee\/miilang\/wp-content\/uploads\/2014\/10\/Ristikivi2.png\"><img decoding=\"async\" loading=\"lazy\" src=\"http:\/\/www.htg.tartu.ee\/miilang\/wp-content\/uploads\/2014\/10\/Ristikivi2.png\" alt=\"Ristikivi2\" width=\"800\" height=\"534\" class=\"alignnone size-full wp-image-2118\" srcset=\"http:\/\/www.htg.tartu.ee\/miilang\/wp-content\/uploads\/2014\/10\/Ristikivi2.png 800w, http:\/\/www.htg.tartu.ee\/miilang\/wp-content\/uploads\/2014\/10\/Ristikivi2-300x200.png 300w, http:\/\/www.htg.tartu.ee\/miilang\/wp-content\/uploads\/2014\/10\/Ristikivi2-520x346.png 520w\" sizes=\"(max-width: 800px) 100vw, 800px\" \/><\/a><br \/>\n<strong>Aasta g\u00fcmnaasiumi\u00f5petaja:<\/strong> Aare Ristikivi<\/p>\n","protected":false},"excerpt":{"rendered":"<p>Teist aastat j\u00e4rjest korraldati Tartus, Vanemuise kontserdimajas aasta \u00f5petaja gala\u00f5htu \u201cEestimaa \u00f5pib ja t\u00e4nab\u201d. T\u00e4navu oli ka minul v\u00f5imalus sellel pidulikul s\u00fcndmusel pealtvaatajana osaleda. L\u00e4ks lausa nii h\u00e4sti, et \u00f5nnestus l\u00e4bi viia eksklusiivintervjuu aasta g\u00fcmnaasiumi\u00f5petaja 2014-ga, h\u00e4rra Aare Ristikiviga! Kinnitan, et mitte ilmaasjata ei ole aasta \u00f5petaja gala\u00f5htut v\u00f5rreldud Oscarite&#8230;<\/p>\n","protected":false},"author":46,"featured_media":2119,"comment_status":"open","ping_status":"open","sticky":false,"template":"","format":"standard","meta":{"_monsterinsights_skip_tracking":false,"_monsterinsights_sitenote_active":false,"_monsterinsights_sitenote_note":"","_monsterinsights_sitenote_category":0,"footnotes":""},"categories":[177],"tags":[],"coauthors":[153],"acf":[],"_links":{"self":[{"href":"http:\/\/www.htg.tartu.ee\/miilang\/wp-json\/wp\/v2\/posts\/2116"}],"collection":[{"href":"http:\/\/www.htg.tartu.ee\/miilang\/wp-json\/wp\/v2\/posts"}],"about":[{"href":"http:\/\/www.htg.tartu.ee\/miilang\/wp-json\/wp\/v2\/types\/post"}],"author":[{"embeddable":true,"href":"http:\/\/www.htg.tartu.ee\/miilang\/wp-json\/wp\/v2\/users\/46"}],"replies":[{"embeddable":true,"href":"http:\/\/www.htg.tartu.ee\/miilang\/wp-json\/wp\/v2\/comments?post=2116"}],"version-history":[{"count":2,"href":"http:\/\/www.htg.tartu.ee\/miilang\/wp-json\/wp\/v2\/posts\/2116\/revisions"}],"predecessor-version":[{"id":2121,"href":"http:\/\/www.htg.tartu.ee\/miilang\/wp-json\/wp\/v2\/posts\/2116\/revisions\/2121"}],"wp:featuredmedia":[{"embeddable":true,"href":"http:\/\/www.htg.tartu.ee\/miilang\/wp-json\/wp\/v2\/media\/2119"}],"wp:attachment":[{"href":"http:\/\/www.htg.tartu.ee\/miilang\/wp-json\/wp\/v2\/media?parent=2116"}],"wp:term":[{"taxonomy":"category","embeddable":true,"href":"http:\/\/www.htg.tartu.ee\/miilang\/wp-json\/wp\/v2\/categories?post=2116"},{"taxonomy":"post_tag","embeddable":true,"href":"http:\/\/www.htg.tartu.ee\/miilang\/wp-json\/wp\/v2\/tags?post=2116"},{"taxonomy":"author","embeddable":true,"href":"http:\/\/www.htg.tartu.ee\/miilang\/wp-json\/wp\/v2\/coauthors?post=2116"}],"curies":[{"name":"wp","href":"https:\/\/api.w.org\/{rel}","templated":true}]}}