{"id":2093,"date":"2014-10-29T18:15:58","date_gmt":"2014-10-29T15:15:58","guid":{"rendered":"http:\/\/www.htg.tartu.ee\/miilang\/?p=2093"},"modified":"2014-10-29T18:16:05","modified_gmt":"2014-10-29T15:16:05","slug":"luulenurk","status":"publish","type":"post","link":"http:\/\/www.htg.tartu.ee\/miilang\/2014\/oktoober\/luulenurk\/","title":{"rendered":"Luulenurk"},"content":{"rendered":"<p>Ma ei kirjuta sust<br \/>\nei t\u00e4na<br \/>\nei homme<br \/>\nei \u00fcle<br \/>\nhomme<br \/>\nma ei kirjuta sust<br \/>\nei \u00fchtki rida<br \/>\nei \u00fchtki luuletust<\/p>\n<p>isegi siis<br \/>\nma ei kirjuta sinust<br \/>\nkui ma istun siin<\/p>\n<p>ja k\u00f5ik mu s\u00f5nad<br \/>\non sinust<\/p>\n<p><em>17.veebruar 2014<br \/>\nAana- Liisa Kaste <\/em><\/p>\n<hr\/>\n<p>T\u00e4na \u00f5htul v\u00f5tan v\u00f5lgu<br \/>\nHomsest koidust.<br \/>\nHetkel, kui j\u00e4lgid liikumas mu \u00f5lgu,<br \/>\nlaenan homsest hingetoidust.<\/p>\n<p>Hetkel, kui langen verbaalselt su ette.<br \/>\nS\u00f6\u00f6n t\u00e4na homset hingetoitu.<br \/>\nIseend heidan, heidan vette.<br \/>\nTarbin homset hapnikku juba enne koitu.<\/p>\n<p><em>September 2014<br \/>\nNele Marie Tiidelepp<\/em><\/p>\n<hr\/>\n<p>M\u00f5nel \u00f5htul vihmaga<\/p>\n<p>Mind pole portrees, ma olen maastikumaalis.<br \/>\nVahel keegi ei tea, et olemas olen.<br \/>\nEsinejate silmad ei erista mind saalis.<br \/>\nVahel mind kellegi m\u00f5tteis pole.<\/p>\n<p>V\u00f5tsin endale koha, mis on kaardistamata.<br \/>\nMul on piparm\u00fcndine tunne: v\u00e4rske, rahulik.<br \/>\nAlgul laua ja hiljem kogu m\u00f6\u00f6bli linaga katan,<br \/>\nnagu t\u00fchjas majas. Ja kes ei tule, need ei mahugi.<\/p>\n<p>Asustamata, asustamata, asustamata.<br \/>\nKui nad v\u00f5iks, siis paljud teed vist \u00e4ra kaoks.<br \/>\nMa olen loetamatu, kirjutamata, alustamata.<br \/>\nMind pole iial olnud teeviitade jaoks.<\/p>\n<p>Ja muuks vist hakkaks asjad, mis on teed olnud seni.<br \/>\nT\u00f5si, m\u00f5nel \u00f5htul vihmaga ma ootan siiamaani.<br \/>\nSa saad ju minust aru, kui ka olen vait s\u00fcdameni.<br \/>\nMind pole kaardil, ma kuulun maastikumaali.<br \/>\n<em><br \/>\n(Looming nr 8, 2014)<br \/>\nMerike Reiljan<\/em><\/p>\n","protected":false},"excerpt":{"rendered":"<p>Ma ei kirjuta sust ei t\u00e4na ei homme ei \u00fcle homme ma ei kirjuta sust ei \u00fchtki rida ei \u00fchtki luuletust isegi siis ma ei kirjuta sinust kui ma istun siin ja k\u00f5ik mu s\u00f5nad on sinust 17.veebruar 2014 Aana- Liisa Kaste T\u00e4na \u00f5htul v\u00f5tan v\u00f5lgu Homsest koidust. Hetkel, kui&#8230;<\/p>\n","protected":false},"author":1,"featured_media":351,"comment_status":"open","ping_status":"open","sticky":false,"template":"","format":"standard","meta":{"_monsterinsights_skip_tracking":false,"_monsterinsights_sitenote_active":false,"_monsterinsights_sitenote_note":"","_monsterinsights_sitenote_category":0,"footnotes":""},"categories":[177],"tags":[],"coauthors":[175,180,27],"acf":[],"_links":{"self":[{"href":"http:\/\/www.htg.tartu.ee\/miilang\/wp-json\/wp\/v2\/posts\/2093"}],"collection":[{"href":"http:\/\/www.htg.tartu.ee\/miilang\/wp-json\/wp\/v2\/posts"}],"about":[{"href":"http:\/\/www.htg.tartu.ee\/miilang\/wp-json\/wp\/v2\/types\/post"}],"author":[{"embeddable":true,"href":"http:\/\/www.htg.tartu.ee\/miilang\/wp-json\/wp\/v2\/users\/1"}],"replies":[{"embeddable":true,"href":"http:\/\/www.htg.tartu.ee\/miilang\/wp-json\/wp\/v2\/comments?post=2093"}],"version-history":[{"count":1,"href":"http:\/\/www.htg.tartu.ee\/miilang\/wp-json\/wp\/v2\/posts\/2093\/revisions"}],"predecessor-version":[{"id":2095,"href":"http:\/\/www.htg.tartu.ee\/miilang\/wp-json\/wp\/v2\/posts\/2093\/revisions\/2095"}],"wp:featuredmedia":[{"embeddable":true,"href":"http:\/\/www.htg.tartu.ee\/miilang\/wp-json\/wp\/v2\/media\/351"}],"wp:attachment":[{"href":"http:\/\/www.htg.tartu.ee\/miilang\/wp-json\/wp\/v2\/media?parent=2093"}],"wp:term":[{"taxonomy":"category","embeddable":true,"href":"http:\/\/www.htg.tartu.ee\/miilang\/wp-json\/wp\/v2\/categories?post=2093"},{"taxonomy":"post_tag","embeddable":true,"href":"http:\/\/www.htg.tartu.ee\/miilang\/wp-json\/wp\/v2\/tags?post=2093"},{"taxonomy":"author","embeddable":true,"href":"http:\/\/www.htg.tartu.ee\/miilang\/wp-json\/wp\/v2\/coauthors?post=2093"}],"curies":[{"name":"wp","href":"https:\/\/api.w.org\/{rel}","templated":true}]}}