{"id":2023,"date":"2014-06-27T00:39:17","date_gmt":"2014-06-26T21:39:17","guid":{"rendered":"http:\/\/www.htg.tartu.ee\/miilang\/?p=2023"},"modified":"2014-10-29T19:35:30","modified_gmt":"2014-10-29T16:35:30","slug":"pisike-eliisa-ja-tema-suured-teod","status":"publish","type":"post","link":"http:\/\/www.htg.tartu.ee\/miilang\/2014\/juuni-2014-lopuleht\/pisike-eliisa-ja-tema-suured-teod\/","title":{"rendered":"Pisike Eliisa ja tema suured teod"},"content":{"rendered":"<p><strong>Ilmselt teavad k\u00f5ik treffneristid Eliisat kui Miilangu peatoimetajat. Kas ka teatakse, et pealinnast tuleva neiu juured on tegelikult p\u00e4rit V\u00f5rumaalt v\u00f5i, et Eliisa teiseks suureks armastuseks on kunst? K\u00f5ige paremini sobib teda iseloomustama lause: \u201eV\u00e4ike t\u00fcdruk, aga suured teod.\u201c<\/strong><\/p>\n<p>Eliisa on t\u00fcdruk, kes teeb ja j\u00f5uab k\u00f5ike. Kui avada tema kalenderm\u00e4rkmik, siis on see paksult t\u00e4is kirjutatud ja \u00fcks must do list ajab teist taga. Eliisa meenutab, et keskkoolis ei ole ta kaugeltki nii aktiivne kui p\u00f5hikoolis oli. \u201eEnne Treffnerisse tulekut mu eelmine klassijuhataja lausa hoiatas mind, et ma ei v\u00f5taks endale nii palju kohustusi, et enam tundide jaoks aega ei j\u00e4tkuks,\u201c meenutab Eliisa. Eliisa naudib kiiret elu ja ei oskakski lihtsalt \u201eniisama\u201c olla.<\/p>\n<h1>E nagu elunautija<\/h1>\n<p>Eliisa elur\u00f5\u00f5mu kiirgab kaugele. Enda iseloomustamiseks \u00fctleb ta: \u201eMa olen v\u00e4ike boheemlaslik t\u00fcdruk, kes aeg ajalt tahab olla h\u00e4sti suur ja h\u00e4sti tark.\u201c Juba k\u00f5rvalt vaadates saab \u00f6elda, et Eliisa on elunautija t\u00fc\u00fcpi. \u201eTihtipeale on inimestel see viga, et nad teevad \u00fcht ja juba m\u00f5tlevad millelegi uuele. Miks me peaksime elus ette tormama, keskendume sellele, mis meil on ja naudime seda,\u201c kirjeldab ta enda p\u00f5him\u00f5tteid.\u00a0 Kuigi tema elus ajab \u00fcks kohustus teist taga, oskab ta elada hetkes ning v\u00f5tta sellest k\u00f5ik.<br \/>\nTema teiseks p\u00f5him\u00f5tteks on: \u201eMoving is living\u201c.\u00a0 Liikuvuses olemine meeldib talle v\u00e4ga, eriti suvisel ajal, kus teda paikselt n\u00e4ha on praktiliselt v\u00f5imatu. N\u00e4iteks eelmisel suvel v\u00f5ttis Eliisa ette hullumeelse seikluse. Ta l\u00e4ks umbes kuuks ajaks Euroopasse reisile, taskus 50\u20ac ja tundes ainult \u00fchte inimest. Seda peab ta ka \u00fcheks oma elu p\u00f6\u00f6raseimaks teoks. Reis oli meeleolukas ja kulutatud saigi ei v\u00e4hem ega rohkem kui 50\u20ac.<\/p>\n<h1>L nagu looduslaps<\/h1>\n<p>Vaatamata sellele, et Eliisa tuleb Tallinnast, ei \u00fctle ta, et ta oleks suurlinnaneiu. \u201eKui ma peaksin ennast defineerima, siis ma olen t\u00e4ielikult \u00fcles kasvanud Hiiumaa metsade vahel ja merevees,\u201c kirjeldab ta. Hiiumaast r\u00e4\u00e4kides l\u00e4ksid ta silmad v\u00e4ga s\u00e4rama. \u201eHiiumaa on paradiis, minu t\u00e4ielikult teine kodu ja koht, millega on seotud minu lapsep\u00f5lvem\u00e4lestused,\u201c kirjeldab ta. Seal elavad inimesed, keda ta ise kutsub vanavanemateks, kuigi tegelikult on nad tema t\u00e4dimehe, ehk Erkki-Sveni vanemad. \u201eEllen ja Teedi (Philipp Theodor toim.) on mulle t\u00e4ielikud eeskujud,\u201c r\u00e4\u00e4gib Eliisa neist suure h\u00e4rdimusega. Teedi maalis ja kirjutas, ilmselt sealt sai ka Eliisa need pisikud.<\/p>\n<p><a href=\"http:\/\/www.htg.tartu.ee\/miilang\/wp-content\/uploads\/2014\/06\/Eliisa-1.jpg\"><img decoding=\"async\" loading=\"lazy\" class=\"alignnone size-large wp-image-2024\" alt=\"Eliisa 1\" src=\"http:\/\/www.htg.tartu.ee\/miilang\/wp-content\/uploads\/2014\/06\/Eliisa-1-1024x678.jpg\" width=\"1024\" height=\"678\" srcset=\"http:\/\/www.htg.tartu.ee\/miilang\/wp-content\/uploads\/2014\/06\/Eliisa-1-1024x678.jpg 1024w, http:\/\/www.htg.tartu.ee\/miilang\/wp-content\/uploads\/2014\/06\/Eliisa-1-300x198.jpg 300w\" sizes=\"(max-width: 1024px) 100vw, 1024px\" \/><\/a><br \/>\n<span style=\"color: #999999;\"><strong>Elunautija:<\/strong> juba k\u00f5rvalt vaadates saab aru, et Eliisa oskab elu ja hetki nautida<br \/>\n<strong>Foto:<\/strong> Reelika J\u00f5gi<\/span><\/p>\n<h1>I nagu intelligentne<\/h1>\n<p>Selle eest, et tegu on v\u00e4ga intelligentse t\u00fcdrukuga, r\u00e4\u00e4gib juba tema eesti keele eksami tulemus, millest enam paremat poleks olnud kuidagi v\u00f5imalik saada. Kirjutamine on Eliisa elus \u00fclimalt oluline. Oma parimaks pingete maandamise viisiks t\u00f5i Eliisa v\u00e4lja just kirjutamise. Talle meeldib kirjutada oma blogisse, mida ta on pidanud juba 5 aastat. \u201eSee on minu jaoks kuidagi nii oluline, ma ei teagi t\u00e4pselt miks,\u201c r\u00e4\u00e4gib ta oma blogist. Oma blogisse kirjutab ta iseendast, sellest, mis just parasjagu on toimumas. Eliisa kirjutab ka luuletusi. Ta r\u00e4\u00e4gib naerdes, kuidas ta alguses ei taibanudki, et kirjutab luuletusi: \u201eMa lihtsalt kuidagi kirjutasin nii, et tekst ei oleks k\u00f5ik \u00fches reas, tahtsin anda lugejale m\u00f5ista, kus peaks olema paus. \u00dchel hetkel mulle \u00f6eldi, et see on ju luuletus.\u201c<br \/>\nKirjutamisega seoses on Eliisal ka palju tulevikuplaane. Kindel on see, et kunagi n\u00e4eme poelettidel, kas siis luulekogu v\u00f5i proostateost, mille autoriks on Eliisa \u00dclevain. Tal on tegelikult juba valmis kirjutatud 2 terviklikku luulekogu ja sinna juurde tehtud ka illustratsioonid, aga need ootavad veel oma \u00f5iget aega. Ta ei kiirusta ka sellega, kuna \u00fctleb, et mingis m\u00f5ttes on ta oma teosed juba avaldanud, sest peab ju avalikku blogi.<\/p>\n<h1>I nagu iseseisev<\/h1>\n<p>Eliisa ema on laulja, kes reisib ringi m\u00f6\u00f6da Hispaaniat ja isa on operaator, samuti pidevalt t\u00f6\u00f6s. See on n\u00f5nda olnud juba pikemat aega, mis t\u00e4hendab, et iseseisev tuli olla juba tunduvalt enne Tartusse kooli tulekut. See ei t\u00e4henda, et Eliisa oleks kasvanud \u00fcksi, perekondlik toetus on alati olnud v\u00e4ga suur. \u201eMul ei ole kunagi olnud sellist vanemlikku survet, vastupidi, nad on alati mind aidanud ja minu jaoks olemas,\u201c r\u00e4\u00e4gib ta oma vanematest. Tal on vanemad \u00f5de ja vend ja noorem vend, kellega on ta v\u00e4ga l\u00e4hedane. K\u00f5rvalt vaadates tundubki Eliisa selline pisike t\u00fcdruk, kes siin suures maailmas ringi toimetab ja sellega v\u00e4ga h\u00e4sti hakkama saab.<\/p>\n<h1>S nagu silmapaistev<\/h1>\n<p>Silmapaistev pole Eliisa ainult mitte kirjutamises, vaid ka oma teises v\u00e4ga suures kires, kunstis. Ta on l\u00f5petanud Sally stuudio, mis oli \u00fcks v\u00e4ga suur osa tema elust. \u201eKui ma Sally stuudio l\u00f5petasin, tundsin ma enda elus nii suurt t\u00fchjust,\u201c meenutab ta heldimusega. Kunstiga tegeleb Eliisa sellegi poolest siiamaani v\u00e4ga aktiivselt. Talle meeldib k\u00f5ige rohkem stiliseerida loodust ja just maalida. Kui ma k\u00fcsisin Eliisat, kus ta n\u00e4eb ennast 45-aastasena, vastaski ta just, kunstnikuna. Kui vaadata l\u00e4hemasse tulevikku, siis Eliisal on plaanis teha sisseastumiskatsed Tartu K\u00f5rgemasse Kunstikooli meedia- ja reklaamikunsti erialale. Reklaamikunst just sellep\u00e4rast, et talle meeldib teha kunsti suuremale publikule. \u201eLoomulikult ei t\u00e4henda see seda, et ma hakkan kunagi Arielile reklaami kujundama, aga n\u00e4iteks kujundada reklaame kiivri v\u00f5i turvav\u00f6\u00f6 vajalikkusest, oleks juba palju sobilikum.\u201c\u00a0 Seda, millal ta t\u00e4pselt sinna \u00f5ppima l\u00e4heb, n\u00e4itab aeg.<\/p>\n<h1>A nagu ambitsioonikas<\/h1>\n<p>Ilma erilisi ennustajav\u00f5imeid omamata julgen \u00f6elda, et seda neiut ootab ees suur tulevik. Kui ma k\u00fcsisin Eliisalt, kas ta tahab saada kuulsaks, oli vastus pigem eitav: \u201eMingit kuulsuseiha mul ei ole, aga loomulikult on teatud m\u00f5ttes kergem, kui sind teatakse.\u201c Eliisa on t\u00fcdruk, kes teab, mida ta tahab ja oskab elus selle poole p\u00fcrgida. Ta paneb ka teistele s\u00fcdamele, et tasuks v\u00e4\u00e4rtustada neid v\u00f5imalusi, mis enda \u00fcmber on ja nendest kinni haarata. \u201eMeie koolis on v\u00e4ga head \u00f5petajad ja nemad on teinud v\u00e4ga suure t\u00f6\u00f6, et meile omi teadmisi edasi anda, hinnake seda,\u201c lausub Eliisa v\u00e4ga m\u00f5tlemapanevalt.<\/p>\n<p>\u00dcks on kindel, selle kolme aasta jooksul andis Eliisa nii Treffneri koolile kui ka Miilangule juurde v\u00e4ga palju. Aeg on minna avastama uusi radasid ja n\u00fc\u00fcd tuleb ainult loota, et tehtud otsused oleksid \u00f5iged ja lend oleks k\u00f5rge!<\/p>\n<p><a href=\"http:\/\/www.htg.tartu.ee\/miilang\/wp-content\/uploads\/2014\/06\/Eliisa-2.jpg\"><img decoding=\"async\" loading=\"lazy\" class=\"alignnone size-large wp-image-2025\" alt=\"Eliisa 2\" src=\"http:\/\/www.htg.tartu.ee\/miilang\/wp-content\/uploads\/2014\/06\/Eliisa-2-1024x678.jpg\" width=\"1024\" height=\"678\" srcset=\"http:\/\/www.htg.tartu.ee\/miilang\/wp-content\/uploads\/2014\/06\/Eliisa-2-1024x678.jpg 1024w, http:\/\/www.htg.tartu.ee\/miilang\/wp-content\/uploads\/2014\/06\/Eliisa-2-300x198.jpg 300w\" sizes=\"(max-width: 1024px) 100vw, 1024px\" \/><\/a><br \/>\n<span style=\"color: #999999;\"><strong>Alati r\u00f5\u00f5msameelne:<\/strong> Eliisa p\u00e4ikselist elur\u00f5\u00f5mu kiirgab temast kaugele <strong>Foto:<\/strong> Reelika J\u00f5gi<\/span><\/p>\n","protected":false},"excerpt":{"rendered":"<p>Ilmselt teavad k\u00f5ik treffneristid Eliisat kui Miilangu peatoimetajat. Kas ka teatakse, et pealinnast tuleva neiu juured on tegelikult p\u00e4rit V\u00f5rumaalt v\u00f5i, et Eliisa teiseks suureks armastuseks on kunst? K\u00f5ige paremini sobib teda iseloomustama lause: \u201eV\u00e4ike t\u00fcdruk, aga suured teod.\u201c Eliisa on t\u00fcdruk, kes teeb ja j\u00f5uab k\u00f5ike. Kui avada tema&#8230;<\/p>\n","protected":false},"author":1,"featured_media":2025,"comment_status":"open","ping_status":"open","sticky":false,"template":"","format":"standard","meta":{"_monsterinsights_skip_tracking":false,"_monsterinsights_sitenote_active":false,"_monsterinsights_sitenote_note":"","_monsterinsights_sitenote_category":0,"footnotes":""},"categories":[176],"tags":[],"coauthors":[27],"acf":[],"_links":{"self":[{"href":"http:\/\/www.htg.tartu.ee\/miilang\/wp-json\/wp\/v2\/posts\/2023"}],"collection":[{"href":"http:\/\/www.htg.tartu.ee\/miilang\/wp-json\/wp\/v2\/posts"}],"about":[{"href":"http:\/\/www.htg.tartu.ee\/miilang\/wp-json\/wp\/v2\/types\/post"}],"author":[{"embeddable":true,"href":"http:\/\/www.htg.tartu.ee\/miilang\/wp-json\/wp\/v2\/users\/1"}],"replies":[{"embeddable":true,"href":"http:\/\/www.htg.tartu.ee\/miilang\/wp-json\/wp\/v2\/comments?post=2023"}],"version-history":[{"count":4,"href":"http:\/\/www.htg.tartu.ee\/miilang\/wp-json\/wp\/v2\/posts\/2023\/revisions"}],"predecessor-version":[{"id":2029,"href":"http:\/\/www.htg.tartu.ee\/miilang\/wp-json\/wp\/v2\/posts\/2023\/revisions\/2029"}],"wp:featuredmedia":[{"embeddable":true,"href":"http:\/\/www.htg.tartu.ee\/miilang\/wp-json\/wp\/v2\/media\/2025"}],"wp:attachment":[{"href":"http:\/\/www.htg.tartu.ee\/miilang\/wp-json\/wp\/v2\/media?parent=2023"}],"wp:term":[{"taxonomy":"category","embeddable":true,"href":"http:\/\/www.htg.tartu.ee\/miilang\/wp-json\/wp\/v2\/categories?post=2023"},{"taxonomy":"post_tag","embeddable":true,"href":"http:\/\/www.htg.tartu.ee\/miilang\/wp-json\/wp\/v2\/tags?post=2023"},{"taxonomy":"author","embeddable":true,"href":"http:\/\/www.htg.tartu.ee\/miilang\/wp-json\/wp\/v2\/coauthors?post=2023"}],"curies":[{"name":"wp","href":"https:\/\/api.w.org\/{rel}","templated":true}]}}