{"id":2007,"date":"2014-06-12T14:24:20","date_gmt":"2014-06-12T11:24:20","guid":{"rendered":"http:\/\/www.htg.tartu.ee\/miilang\/?p=2007"},"modified":"2014-06-12T14:25:03","modified_gmt":"2014-06-12T11:25:03","slug":"suvesoovitusi","status":"publish","type":"post","link":"http:\/\/www.htg.tartu.ee\/miilang\/2014\/juuni-2014\/suvesoovitusi\/","title":{"rendered":"Suvesoovitusi!"},"content":{"rendered":"<div style=\"background: #FA1; border: 2px solid black; padding: 5px;\">\n<h1>Anu Adamson soovitab:<\/h1>\n<p>Film: <strong>James McTeigue \u201eV for Vendetta\u201c ehk \u201eV nagu veritasu\u201c<\/strong><br \/>\nRaamat: <strong>Victor Hugo \u201eH\u00fcljatud\u201d<\/strong><br \/>\n\u00dcritus: <strong>Laulupidu 4.-6. juuli Tallinnas<\/strong>\n<\/div>\n<div style=\"background: #FA1; border: 2px solid black; padding: 5px;\">\n<h1>\u00d5petaja Priidu Beier soovitab:<\/h1>\n<p>Film: <strong>Kaljo Kiisk \u201eNipernaadi\u201c<\/strong><br \/>\nRaamat: <strong>Saul Bellow \u201eHertsog\u201c<\/strong><br \/>\n\u00dcritus: <strong>Esimene koolip\u00e4ev, see j\u00e4\u00e4b ka kenasti suve l\u00f5ppu.<\/strong>\n<\/div>\n<div style=\"background: #FA1; border: 2px solid black; padding: 5px;\">\n<h1>Joosua R\u00fc\u00fctli t\u00e4navalt soovitab:<\/h1>\n<p>Film: <strong>Wes Anderson \u201eGrand Budapest Hotel\u201c<\/strong><br \/>\nRaamat: <strong>Peet-Henn Kingisepp \u201eInimese f\u00fcsioloogia\u201c<\/strong><br \/>\n\u00dcritus: <strong>Noortefestival Piiblip\u00e4evad Tallinnas 6.-8. juuni<\/strong>\n<\/div>\n<p><\/p>\n<h1>XXVI laulu- ja XIX tantsupidu \u201eAja puudutus. Puudutuse aeg.\u201d <\/h1>\n<p>Iga viie aasta tagant peetakse Tallinnas laulu- ja tantsupidu. T\u00e4navu toimub see 4.-6. juulil.<br \/>\nLaulupidu on \u00fchtekuuluvuse n\u00e4itaja; see on t\u00e4htis mineviku austamise ja tuleviku t\u00e4histamise p\u00e4rast.<br \/>\nVaadates t\u00e4nast pingelist olukorda meile m\u00f5neti sarnases Ukrainas, hakkavad roosilised illusioonid igavesest rahust ja vabaduseprivileegist m\u00f5ranema &#8211; sellisel ajal on eriti t\u00e4htis \u00f5lg-\u00f5la k\u00f5rval l\u00f5\u00f5ritades endale riigi \u00fchtsust meelde tuletada. Meie, eestlased, oleme \u00fcks!<br \/>\nKoolikaaslaste n\u00e4gemine laulu- ja tantsupeol on kindel &#8211; sinna s\u00f5idavad ka segakoor Anima ning Tantsutallad. Treffneristid: v\u00f5tke kaasa pere, sugulased, s\u00f5brad, tuttavad, naabrid ja muud kaasmaalased ning tulge laulma, tantsima ja omadele kaasa elama!<\/p>\n","protected":false},"excerpt":{"rendered":"<p>Anu Adamson soovitab: Film: James McTeigue \u201eV for Vendetta\u201c ehk \u201eV nagu veritasu\u201c Raamat: Victor Hugo \u201eH\u00fcljatud\u201d \u00dcritus: Laulupidu 4.-6. juuli Tallinnas \u00d5petaja Priidu Beier soovitab: Film: Kaljo Kiisk \u201eNipernaadi\u201c Raamat: Saul Bellow \u201eHertsog\u201c \u00dcritus: Esimene koolip\u00e4ev, see j\u00e4\u00e4b ka kenasti suve l\u00f5ppu. Joosua R\u00fc\u00fctli t\u00e4navalt soovitab: Film: Wes Anderson&#8230;<\/p>\n","protected":false},"author":50,"featured_media":351,"comment_status":"open","ping_status":"open","sticky":false,"template":"","format":"standard","meta":{"_monsterinsights_skip_tracking":false,"_monsterinsights_sitenote_active":false,"_monsterinsights_sitenote_note":"","_monsterinsights_sitenote_category":0,"footnotes":""},"categories":[173],"tags":[],"coauthors":[159],"acf":[],"_links":{"self":[{"href":"http:\/\/www.htg.tartu.ee\/miilang\/wp-json\/wp\/v2\/posts\/2007"}],"collection":[{"href":"http:\/\/www.htg.tartu.ee\/miilang\/wp-json\/wp\/v2\/posts"}],"about":[{"href":"http:\/\/www.htg.tartu.ee\/miilang\/wp-json\/wp\/v2\/types\/post"}],"author":[{"embeddable":true,"href":"http:\/\/www.htg.tartu.ee\/miilang\/wp-json\/wp\/v2\/users\/50"}],"replies":[{"embeddable":true,"href":"http:\/\/www.htg.tartu.ee\/miilang\/wp-json\/wp\/v2\/comments?post=2007"}],"version-history":[{"count":2,"href":"http:\/\/www.htg.tartu.ee\/miilang\/wp-json\/wp\/v2\/posts\/2007\/revisions"}],"predecessor-version":[{"id":2009,"href":"http:\/\/www.htg.tartu.ee\/miilang\/wp-json\/wp\/v2\/posts\/2007\/revisions\/2009"}],"wp:featuredmedia":[{"embeddable":true,"href":"http:\/\/www.htg.tartu.ee\/miilang\/wp-json\/wp\/v2\/media\/351"}],"wp:attachment":[{"href":"http:\/\/www.htg.tartu.ee\/miilang\/wp-json\/wp\/v2\/media?parent=2007"}],"wp:term":[{"taxonomy":"category","embeddable":true,"href":"http:\/\/www.htg.tartu.ee\/miilang\/wp-json\/wp\/v2\/categories?post=2007"},{"taxonomy":"post_tag","embeddable":true,"href":"http:\/\/www.htg.tartu.ee\/miilang\/wp-json\/wp\/v2\/tags?post=2007"},{"taxonomy":"author","embeddable":true,"href":"http:\/\/www.htg.tartu.ee\/miilang\/wp-json\/wp\/v2\/coauthors?post=2007"}],"curies":[{"name":"wp","href":"https:\/\/api.w.org\/{rel}","templated":true}]}}