{"id":1745,"date":"2014-03-29T14:00:04","date_gmt":"2014-03-29T11:00:04","guid":{"rendered":"http:\/\/www.htg.tartu.ee\/miilang\/?p=1745"},"modified":"2014-04-25T20:54:06","modified_gmt":"2014-04-25T17:54:06","slug":"ekvaator-on-uletatud-pool-keskkoolist-labitud","status":"publish","type":"post","link":"http:\/\/www.htg.tartu.ee\/miilang\/2014\/veebruar-2014\/ekvaator-on-uletatud-pool-keskkoolist-labitud\/","title":{"rendered":"Ekvaator on \u00fcletatud \u2013 pool keskkoolist l\u00e4bitud"},"content":{"rendered":"<p><strong>31. jaanuaril, \u00fchel t\u00e4iesti tavalisel reedesel p\u00e4eval kooli tulles, said k\u00fcmnendad ja kaheteistk\u00fcmnendad klassid ning mitmed \u00f5petajadki suure \u00fcllatuse osaliseks. Koolimaja oli kaunistatud, m\u00e4ngis l\u00f5unamaine muusika ja 11. klasside \u00f5pilased olid riides justkui oleks tuldud rannapeole. Sellega t\u00e4histati poole keskkooliaja m\u00f6\u00f6dumist.<\/strong><\/p>\n<p>M\u00f5te taoline \u00fcritus korraldada tuli 11.e klassi klassijuhatajal Aare Ristikivil. \u00dchel klassi koosviibimisel arutati, et pool aega keskkoolis hakkab m\u00e4rkamatult m\u00f6\u00f6da saama ning et seda v\u00f5iks ju kuidagi t\u00e4histada. Pool-&gt; ekvaator-&gt; soe-&gt; l\u00f5unamaa-&gt; rand. Sellise m\u00f5ttek\u00e4igu j\u00e4rgi tuli plaan, milline v\u00f5iks \u00fcritus v\u00e4lja n\u00e4ha. Seega v\u00f5ttiski 11.e klass enda s\u00fcdameasjaks see p\u00e4ev koolis korda saata.<br \/>\nKuna planeerimisega l\u00e4ks kaua aega, sai otsustatud, et \u00fcritus toimub 31. jaanuar. Kuigi k\u00f5ige t\u00e4psem p\u00e4ev oleks tegelikult olnud 24. jaanuar.<\/p>\n<p><strong>-10 kraadi v\u00e4ljas ning rannapidu koolimajas?<\/strong><br \/>\nPlaneerimisel osutuks k\u00f5ige keerulisemaks ilma k\u00fcsimus. Tuli nentida t\u00f5siasja, et v\u00e4ljas olid siiski miinuskraadid ja teadaolevalt on ka meil koolis \u00fcsna jahe. Kleidid, seelikud, l\u00fchikesed p\u00fcksid ja pl\u00e4tud ei ole just ilmale k\u00f5ige vastavam riietus. L\u00f5puks otsustati, et stiilip\u00e4ev toimub ikka, sest vastavad riided saab selga panna ka nii, et soe oleks. P\u00e4evale tagasi vaadates tuldi stiilile vastava riietusega toime v\u00e4ga h\u00e4sti. Trotsides jahedat koolimaja oli enamik riides v\u00e4ga silmatorkavalt ning stiilselt.<\/p>\n<p><strong>Mis siis ikkagi toimus?<\/strong><br \/>\nEsimese suure vahetunni ajal korraldati 11. klasside klassijuhatajatele v\u00f5istlus hular\u00f5nga keerutamises. N\u00e4ha n\u00e4iteks \u00f5petaja Aare Ristikivi ja Toomas J\u00fcrgensteini hulatamas oli \u00fcks t\u00f5eliselt l\u00f5bus vaatepilt. L\u00f5puks v\u00f5itis v\u00f5istluse 11.a klassi abiklassijuhataja \u00f5petaja Liisa Tepp. Seej\u00e4rel oli k\u00f5ikidel \u00fcheteistk\u00fcmnendikel v\u00f5imalus limbotada ning selle eest saadud talongiga lunastada baarist jook. Kooliraadiost v\u00f5is kuulda mitmeidki suviseid hitte. Vahetunni l\u00f5pus ootas aulas kaetud laud, koos l\u00f5unamaiste puuviljadega.<br \/>\nTerve p\u00e4eva v\u00e4ltel oli auditooriumis \u00fcleval fotonurk, kus fotograafiks oli 11. a klassi \u00f5pilane Joonas Sisask. Koos s\u00f5pradega oli v\u00f5imalus j\u00e4\u00e4dvustada eriti meeleolukaid ja suviseid pilte.<\/p>\n<p><a href=\"http:\/\/www.htg.tartu.ee\/miilang\/wp-content\/uploads\/2014\/03\/EKvaator.jpg\"><img decoding=\"async\" loading=\"lazy\" class=\"alignnone size-full wp-image-1751\" alt=\"EKvaator\" src=\"http:\/\/www.htg.tartu.ee\/miilang\/wp-content\/uploads\/2014\/03\/EKvaator.jpg\" width=\"1024\" height=\"678\" srcset=\"http:\/\/www.htg.tartu.ee\/miilang\/wp-content\/uploads\/2014\/03\/EKvaator.jpg 1024w, http:\/\/www.htg.tartu.ee\/miilang\/wp-content\/uploads\/2014\/03\/EKvaator-300x198.jpg 300w\" sizes=\"(max-width: 1024px) 100vw, 1024px\" \/><\/a><\/p>\n<p><strong>Lipudraama<\/strong><br \/>\nEkvaatori p\u00e4evale lisas omamoodi v\u00fcrtsi 11.e klassi lipu vargus. Nimelt olid k\u00f5ikide \u00fchteteistk\u00fcmnendike lipud \u00fcles seatud aatriumisse, kust ootamatult E klassi lipp kadunud oli. Kogu loo muutis p\u00f5nevaks Twitterisse tehtud konto, mille nimeks oli Liputajad11e. Selle kaudu jagati juhtn\u00f6\u00f6re, kuidas lipp k\u00e4tte saada. Tundus nagu oleks sattunud justkui \u00f5udusfilmi, kuna Twitteri konto pilt oli juba \u00e4\u00e4rmiselt hirmu\u00e4ratav. 11.e klass j\u00e4rgis k\u00f5iki juhtn\u00f6\u00f6re, kuid mida endiselt ei ole, on nende klassi lipp. Kes k\u00fcll v\u00f5is olla selle salakavala plaani taga ning kus on lipp t\u00e4na? 11.e klass sooviks v\u00e4ga oma lippu tagasi saada! Liputajad11e twiite saate vaadata siit: <a href=\"https:\/\/twitter.com\/liputajad\">https:\/\/twitter.com\/liputajad<\/a><\/p>\n<p><a href=\"http:\/\/www.htg.tartu.ee\/miilang\/wp-content\/uploads\/2014\/03\/Ekvaator1.jpg\"><img decoding=\"async\" loading=\"lazy\" class=\"alignnone size-full wp-image-1750\" alt=\"Ekvaator1\" src=\"http:\/\/www.htg.tartu.ee\/miilang\/wp-content\/uploads\/2014\/03\/Ekvaator1.jpg\" width=\"1024\" height=\"678\" srcset=\"http:\/\/www.htg.tartu.ee\/miilang\/wp-content\/uploads\/2014\/03\/Ekvaator1.jpg 1024w, http:\/\/www.htg.tartu.ee\/miilang\/wp-content\/uploads\/2014\/03\/Ekvaator1-300x198.jpg 300w\" sizes=\"(max-width: 1024px) 100vw, 1024px\" \/><\/a><\/p>\n<p><strong>Traditsiooni algus<\/strong><br \/>\nKorraldajaklass loodab, et k\u00f5ik j\u00e4id ekvaatorip\u00e4eva \u00fcritusega rahule ning nautisid seda v\u00e4ikest vaheldust tavalisele koolip\u00e4evale. Kuna nii suurejooneliselt pole taolist s\u00fcndmust veel korraldatud, siis loodame, et sellel aastal pandi alus \u00fchele pikaajalisele traditsioonile. Kui \u00fcheteistk\u00fcmnendikud kipuvad muidu koolielust k\u00f5rvale j\u00e4\u00e4ma, siis loodame, et ekvaatorip\u00e4evaga saime selle vea parandatud. Kuna t\u00e4histati siiski poole keskkooliaja m\u00f6\u00f6dumist, siis j\u00e4\u00e4b \u00fcle ainult soovida, et teine pool kooliajast tuleks veelgi edukam ning t\u00e4is saavutusi ja r\u00f5\u00f5me!<\/p>\n<p><a href=\"http:\/\/www.htg.tartu.ee\/miilang\/wp-content\/uploads\/2014\/03\/Ekvaator3.jpg\"><img decoding=\"async\" loading=\"lazy\" class=\"alignnone size-full wp-image-1752\" alt=\"Ekvaator3\" src=\"http:\/\/www.htg.tartu.ee\/miilang\/wp-content\/uploads\/2014\/03\/Ekvaator3.jpg\" width=\"1024\" height=\"678\" srcset=\"http:\/\/www.htg.tartu.ee\/miilang\/wp-content\/uploads\/2014\/03\/Ekvaator3.jpg 1024w, http:\/\/www.htg.tartu.ee\/miilang\/wp-content\/uploads\/2014\/03\/Ekvaator3-300x198.jpg 300w\" sizes=\"(max-width: 1024px) 100vw, 1024px\" \/><\/a><\/p>\n","protected":false},"excerpt":{"rendered":"<p>31. jaanuaril, \u00fchel t\u00e4iesti tavalisel reedesel p\u00e4eval kooli tulles, said k\u00fcmnendad ja kaheteistk\u00fcmnendad klassid ning mitmed \u00f5petajadki suure \u00fcllatuse osaliseks. Koolimaja oli kaunistatud, m\u00e4ngis l\u00f5unamaine muusika ja 11. klasside \u00f5pilased olid riides justkui oleks tuldud rannapeole. Sellega t\u00e4histati poole keskkooliaja m\u00f6\u00f6dumist. M\u00f5te taoline \u00fcritus korraldada tuli 11.e klassi klassijuhatajal Aare&#8230;<\/p>\n","protected":false},"author":1,"featured_media":1751,"comment_status":"open","ping_status":"open","sticky":false,"template":"","format":"standard","meta":{"_monsterinsights_skip_tracking":false,"_monsterinsights_sitenote_active":false,"_monsterinsights_sitenote_note":"","_monsterinsights_sitenote_category":0,"footnotes":""},"categories":[164],"tags":[],"coauthors":[27],"acf":[],"_links":{"self":[{"href":"http:\/\/www.htg.tartu.ee\/miilang\/wp-json\/wp\/v2\/posts\/1745"}],"collection":[{"href":"http:\/\/www.htg.tartu.ee\/miilang\/wp-json\/wp\/v2\/posts"}],"about":[{"href":"http:\/\/www.htg.tartu.ee\/miilang\/wp-json\/wp\/v2\/types\/post"}],"author":[{"embeddable":true,"href":"http:\/\/www.htg.tartu.ee\/miilang\/wp-json\/wp\/v2\/users\/1"}],"replies":[{"embeddable":true,"href":"http:\/\/www.htg.tartu.ee\/miilang\/wp-json\/wp\/v2\/comments?post=1745"}],"version-history":[{"count":6,"href":"http:\/\/www.htg.tartu.ee\/miilang\/wp-json\/wp\/v2\/posts\/1745\/revisions"}],"predecessor-version":[{"id":1848,"href":"http:\/\/www.htg.tartu.ee\/miilang\/wp-json\/wp\/v2\/posts\/1745\/revisions\/1848"}],"wp:featuredmedia":[{"embeddable":true,"href":"http:\/\/www.htg.tartu.ee\/miilang\/wp-json\/wp\/v2\/media\/1751"}],"wp:attachment":[{"href":"http:\/\/www.htg.tartu.ee\/miilang\/wp-json\/wp\/v2\/media?parent=1745"}],"wp:term":[{"taxonomy":"category","embeddable":true,"href":"http:\/\/www.htg.tartu.ee\/miilang\/wp-json\/wp\/v2\/categories?post=1745"},{"taxonomy":"post_tag","embeddable":true,"href":"http:\/\/www.htg.tartu.ee\/miilang\/wp-json\/wp\/v2\/tags?post=1745"},{"taxonomy":"author","embeddable":true,"href":"http:\/\/www.htg.tartu.ee\/miilang\/wp-json\/wp\/v2\/coauthors?post=1745"}],"curies":[{"name":"wp","href":"https:\/\/api.w.org\/{rel}","templated":true}]}}