{"id":1593,"date":"2013-12-24T01:51:28","date_gmt":"2013-12-23T22:51:28","guid":{"rendered":"http:\/\/www.htg.tartu.ee\/miilang\/?p=1593"},"modified":"2013-12-24T01:51:28","modified_gmt":"2013-12-23T22:51:28","slug":"maailmaharidusepaevad-htgs","status":"publish","type":"post","link":"http:\/\/www.htg.tartu.ee\/miilang\/2013\/joulumiilang-detsember-2013\/maailmaharidusepaevad-htgs\/","title":{"rendered":"Maailmaharidusep\u00e4evad HTG&#8217;s"},"content":{"rendered":"<p>12.-14. novembrni toimusid j\u00e4rjekordsed maailmahariduse p\u00e4evad. Seekord peatuti L\u00e4his-Ida teemadel. Teisip\u00e4eval astus \u00f5pilaste ette vilistlane Indrek Niibo ettekandega \u2019\u2019Omaan, n\u00e4dal aega elu keset k\u00f5rbe\u2019\u2019. Kolmap\u00e4eval n\u00e4idati pikkade vahetundide ajal aatriumis l\u00fchifilme ning peale tunde oli v\u00f5imalus harida end filmiga \u2019\u2019Rahu \u00f5ppetund\u2019\u2019. Neljap\u00e4eval k\u00fclastas meie kooli multikultuurne seltskond. Elava raamatukogu etteasteid tegid noored Iraanist, Mehhikost ja Keeniast. P\u00e4rast tunde r\u00e4\u00e4kis diplomaat Daniel Schaer Liibanoni pantvangikriisist ja praegusest olukorrast islamimaades. Lisaks paljudele huvitavatele loengutele sai kogu n\u00e4dala v\u00e4ltel tutvuda n\u00e4itusega\u00a0 \u201eEducation, Education and Education\u201c. N\u00e4itus keskendus haridusteemadele koomiksijoonistajate ja kodanikuaktivistide vaatepunktist. Suur ait\u00e4h korraldajatele ja j\u00e4\u00e4me ootama j\u00e4rgmisi maailmahariduse p\u00e4evi!<\/p>\n","protected":false},"excerpt":{"rendered":"<p>12.-14. novembrni toimusid j\u00e4rjekordsed maailmahariduse p\u00e4evad. Seekord peatuti L\u00e4his-Ida teemadel. Teisip\u00e4eval astus \u00f5pilaste ette vilistlane Indrek Niibo ettekandega \u2019\u2019Omaan, n\u00e4dal aega elu keset k\u00f5rbe\u2019\u2019. Kolmap\u00e4eval n\u00e4idati pikkade vahetundide ajal aatriumis l\u00fchifilme ning peale tunde oli v\u00f5imalus harida end filmiga \u2019\u2019Rahu \u00f5ppetund\u2019\u2019. Neljap\u00e4eval k\u00fclastas meie kooli multikultuurne seltskond. Elava raamatukogu etteasteid&#8230;<\/p>\n","protected":false},"author":24,"featured_media":351,"comment_status":"open","ping_status":"open","sticky":false,"template":"","format":"standard","meta":{"_monsterinsights_skip_tracking":false,"_monsterinsights_sitenote_active":false,"_monsterinsights_sitenote_note":"","_monsterinsights_sitenote_category":0,"footnotes":""},"categories":[161],"tags":[],"coauthors":[55],"acf":[],"_links":{"self":[{"href":"http:\/\/www.htg.tartu.ee\/miilang\/wp-json\/wp\/v2\/posts\/1593"}],"collection":[{"href":"http:\/\/www.htg.tartu.ee\/miilang\/wp-json\/wp\/v2\/posts"}],"about":[{"href":"http:\/\/www.htg.tartu.ee\/miilang\/wp-json\/wp\/v2\/types\/post"}],"author":[{"embeddable":true,"href":"http:\/\/www.htg.tartu.ee\/miilang\/wp-json\/wp\/v2\/users\/24"}],"replies":[{"embeddable":true,"href":"http:\/\/www.htg.tartu.ee\/miilang\/wp-json\/wp\/v2\/comments?post=1593"}],"version-history":[{"count":2,"href":"http:\/\/www.htg.tartu.ee\/miilang\/wp-json\/wp\/v2\/posts\/1593\/revisions"}],"predecessor-version":[{"id":1595,"href":"http:\/\/www.htg.tartu.ee\/miilang\/wp-json\/wp\/v2\/posts\/1593\/revisions\/1595"}],"wp:featuredmedia":[{"embeddable":true,"href":"http:\/\/www.htg.tartu.ee\/miilang\/wp-json\/wp\/v2\/media\/351"}],"wp:attachment":[{"href":"http:\/\/www.htg.tartu.ee\/miilang\/wp-json\/wp\/v2\/media?parent=1593"}],"wp:term":[{"taxonomy":"category","embeddable":true,"href":"http:\/\/www.htg.tartu.ee\/miilang\/wp-json\/wp\/v2\/categories?post=1593"},{"taxonomy":"post_tag","embeddable":true,"href":"http:\/\/www.htg.tartu.ee\/miilang\/wp-json\/wp\/v2\/tags?post=1593"},{"taxonomy":"author","embeddable":true,"href":"http:\/\/www.htg.tartu.ee\/miilang\/wp-json\/wp\/v2\/coauthors?post=1593"}],"curies":[{"name":"wp","href":"https:\/\/api.w.org\/{rel}","templated":true}]}}