{"id":1304,"date":"2013-09-22T17:56:08","date_gmt":"2013-09-22T14:56:08","guid":{"rendered":"http:\/\/www.htg.tartu.ee\/miilang\/?p=1304"},"modified":"2013-09-22T17:56:08","modified_gmt":"2013-09-22T14:56:08","slug":"imeline-ajalugu-teritab-tahelepanu","status":"publish","type":"post","link":"http:\/\/www.htg.tartu.ee\/miilang\/2013\/aprill-2013\/imeline-ajalugu-teritab-tahelepanu\/","title":{"rendered":"Imeline Ajalugu teritab t\u00e4helepanu"},"content":{"rendered":"<p>Alates jaanuarist on iga kuu \u00fchel neljap\u00e4evasel p\u00e4eval n\u00e4ha olnud nii mitmeidki \u00f5pilasi ringi liikumas, Imeline Ajalugu n\u00e4pu vahel. P\u00f5hjuseks on igakuine ajakirja m\u00e4lum\u00e4ng, mis toimus aprillis neljandat korda meie kooli ajaloo\u00f5petajate eestvedamisel. Osalemiseks ei pea tegema mitte midagi muud, kui v\u00e4ga p\u00f5hjalikult Imelise Ajaloo kuunumbri l\u00e4bi lugema. K\u00fcsimused on alati faktip\u00f5hised.<\/p>\n<p>Iga m\u00e4lum\u00e4ngu v\u00f5itjale on auhinna v\u00e4lja pannud ajakirja toimetus ning enne suvevaheajale minemist premeeritakse k\u00f5ige tublimaid osalejaid Imelise Ajaloo tasuta aastatellimusega.<\/p>\n<p><a href=\"http:\/\/www.htg.tartu.ee\/miilang\/wp-content\/uploads\/2013\/09\/Imeline-ajalugu.jpg\"><img decoding=\"async\" loading=\"lazy\" class=\"alignnone size-medium wp-image-1305\" alt=\"Imeline ajalugu\" src=\"http:\/\/www.htg.tartu.ee\/miilang\/wp-content\/uploads\/2013\/09\/Imeline-ajalugu-300x170.jpg\" width=\"300\" height=\"170\" srcset=\"http:\/\/www.htg.tartu.ee\/miilang\/wp-content\/uploads\/2013\/09\/Imeline-ajalugu-300x170.jpg 300w, http:\/\/www.htg.tartu.ee\/miilang\/wp-content\/uploads\/2013\/09\/Imeline-ajalugu.jpg 480w\" sizes=\"(max-width: 300px) 100vw, 300px\" \/><\/a><\/p>\n","protected":false},"excerpt":{"rendered":"<p>Alates jaanuarist on iga kuu \u00fchel neljap\u00e4evasel p\u00e4eval n\u00e4ha olnud nii mitmeidki \u00f5pilasi ringi liikumas, Imeline Ajalugu n\u00e4pu vahel. P\u00f5hjuseks on igakuine ajakirja m\u00e4lum\u00e4ng, mis toimus aprillis neljandat korda meie kooli ajaloo\u00f5petajate eestvedamisel. Osalemiseks ei pea tegema mitte midagi muud, kui v\u00e4ga p\u00f5hjalikult Imelise Ajaloo kuunumbri l\u00e4bi lugema. K\u00fcsimused on&#8230;<\/p>\n","protected":false},"author":36,"featured_media":1305,"comment_status":"open","ping_status":"open","sticky":false,"template":"","format":"standard","meta":{"_monsterinsights_skip_tracking":false,"_monsterinsights_sitenote_active":false,"_monsterinsights_sitenote_note":"","_monsterinsights_sitenote_category":0,"footnotes":""},"categories":[133],"tags":[],"coauthors":[136],"acf":[],"_links":{"self":[{"href":"http:\/\/www.htg.tartu.ee\/miilang\/wp-json\/wp\/v2\/posts\/1304"}],"collection":[{"href":"http:\/\/www.htg.tartu.ee\/miilang\/wp-json\/wp\/v2\/posts"}],"about":[{"href":"http:\/\/www.htg.tartu.ee\/miilang\/wp-json\/wp\/v2\/types\/post"}],"author":[{"embeddable":true,"href":"http:\/\/www.htg.tartu.ee\/miilang\/wp-json\/wp\/v2\/users\/36"}],"replies":[{"embeddable":true,"href":"http:\/\/www.htg.tartu.ee\/miilang\/wp-json\/wp\/v2\/comments?post=1304"}],"version-history":[{"count":1,"href":"http:\/\/www.htg.tartu.ee\/miilang\/wp-json\/wp\/v2\/posts\/1304\/revisions"}],"predecessor-version":[{"id":1306,"href":"http:\/\/www.htg.tartu.ee\/miilang\/wp-json\/wp\/v2\/posts\/1304\/revisions\/1306"}],"wp:featuredmedia":[{"embeddable":true,"href":"http:\/\/www.htg.tartu.ee\/miilang\/wp-json\/wp\/v2\/media\/1305"}],"wp:attachment":[{"href":"http:\/\/www.htg.tartu.ee\/miilang\/wp-json\/wp\/v2\/media?parent=1304"}],"wp:term":[{"taxonomy":"category","embeddable":true,"href":"http:\/\/www.htg.tartu.ee\/miilang\/wp-json\/wp\/v2\/categories?post=1304"},{"taxonomy":"post_tag","embeddable":true,"href":"http:\/\/www.htg.tartu.ee\/miilang\/wp-json\/wp\/v2\/tags?post=1304"},{"taxonomy":"author","embeddable":true,"href":"http:\/\/www.htg.tartu.ee\/miilang\/wp-json\/wp\/v2\/coauthors?post=1304"}],"curies":[{"name":"wp","href":"https:\/\/api.w.org\/{rel}","templated":true}]}}